{"id":5857,"date":"2022-12-28T13:40:03","date_gmt":"2022-12-28T11:40:03","guid":{"rendered":"https:\/\/www.eternumevents.com\/nova\/27a-gala-premios-cerdo-de-oro-2021\/"},"modified":"2024-11-05T13:42:52","modified_gmt":"2024-11-05T11:42:52","slug":"27a-gala-premios-cerdo-de-oro-2021","status":"publish","type":"post","link":"https:\/\/www.eternumevents.com\/es\/27a-gala-premios-cerdo-de-oro-2021\/","title":{"rendered":"27\u00aa Gala Premios Porc d&#8217;Or, 2021"},"content":{"rendered":"<p>Un a\u00f1o m\u00e1s, Eternum Events pudo formar parte del equipo organizativo de los Premis Porc d&#8217;Or. Un a\u00f1o de retorno y adaptaciones debido a la pandemia, que recibi\u00f3 \u00e9xito de asistencia en el Palacio de Congresos de Lleida, la Lonja.<\/p>\n<p>A pesar de tener que eliminar algunas partes del programa, se dividi\u00f3 el acto en dos partes: una primera de entrega de premios en el auditorio grande de la Lonja, y una segunda parte de cena de gala, con un men\u00fa degustaci\u00f3n de la mano del chef Joel Castany\u00e9, el reconocido chef con 1 estrella michel\u00edn del Restaurante la Boscana.<\/p>\n<p>&nbsp;<\/p>\n<div id='gallery-1' class='gallery galleryid-5857 gallery-columns-3 gallery-size-full'><figure class='gallery-item'>\n\t\t\t<div class='gallery-icon landscape'>\n\t\t\t\t<a href='https:\/\/www.eternumevents.com\/es\/27a-gala-premios-cerdo-de-oro-2021\/28-gala-porc-or-irta-lleida2021-dsc_0046-3\/'><img fetchpriority=\"high\" decoding=\"async\" width=\"1920\" height=\"1282\" src=\"https:\/\/www.eternumevents.com\/wp-content\/uploads\/2022\/12\/28-Gala-Porc-Or-IRTA-Lleida2021-DSC_0046-1.jpg\" class=\"attachment-full size-full\" alt=\"\" srcset=\"https:\/\/www.eternumevents.com\/wp-content\/uploads\/2022\/12\/28-Gala-Porc-Or-IRTA-Lleida2021-DSC_0046-1.jpg 1920w, https:\/\/www.eternumevents.com\/wp-content\/uploads\/2022\/12\/28-Gala-Porc-Or-IRTA-Lleida2021-DSC_0046-1-300x200.jpg 300w, https:\/\/www.eternumevents.com\/wp-content\/uploads\/2022\/12\/28-Gala-Porc-Or-IRTA-Lleida2021-DSC_0046-1-1024x684.jpg 1024w, https:\/\/www.eternumevents.com\/wp-content\/uploads\/2022\/12\/28-Gala-Porc-Or-IRTA-Lleida2021-DSC_0046-1-768x513.jpg 768w, https:\/\/www.eternumevents.com\/wp-content\/uploads\/2022\/12\/28-Gala-Porc-Or-IRTA-Lleida2021-DSC_0046-1-1536x1026.jpg 1536w\" sizes=\"(max-width: 1920px) 100vw, 1920px\" \/><\/a>\n\t\t\t<\/div><\/figure><figure class='gallery-item'>\n\t\t\t<div class='gallery-icon landscape'>\n\t\t\t\t<a href='https:\/\/www.eternumevents.com\/es\/27a-gala-premios-cerdo-de-oro-2021\/28-gala-porc-or-irta-lleida2021-dsc_0069\/'><img decoding=\"async\" width=\"1920\" height=\"1282\" src=\"https:\/\/www.eternumevents.com\/wp-content\/uploads\/2022\/12\/28-Gala-Porc-Or-IRTA-Lleida2021-DSC_0069.jpg\" class=\"attachment-full size-full\" alt=\"\" srcset=\"https:\/\/www.eternumevents.com\/wp-content\/uploads\/2022\/12\/28-Gala-Porc-Or-IRTA-Lleida2021-DSC_0069.jpg 1920w, https:\/\/www.eternumevents.com\/wp-content\/uploads\/2022\/12\/28-Gala-Porc-Or-IRTA-Lleida2021-DSC_0069-300x200.jpg 300w, https:\/\/www.eternumevents.com\/wp-content\/uploads\/2022\/12\/28-Gala-Porc-Or-IRTA-Lleida2021-DSC_0069-1024x684.jpg 1024w, https:\/\/www.eternumevents.com\/wp-content\/uploads\/2022\/12\/28-Gala-Porc-Or-IRTA-Lleida2021-DSC_0069-768x513.jpg 768w, https:\/\/www.eternumevents.com\/wp-content\/uploads\/2022\/12\/28-Gala-Porc-Or-IRTA-Lleida2021-DSC_0069-1536x1026.jpg 1536w\" sizes=\"(max-width: 1920px) 100vw, 1920px\" \/><\/a>\n\t\t\t<\/div><\/figure><figure class='gallery-item'>\n\t\t\t<div class='gallery-icon landscape'>\n\t\t\t\t<a href='https:\/\/www.eternumevents.com\/es\/27a-gala-premios-cerdo-de-oro-2021\/28-gala-porc-or-irta-lleida2021-dsc_0307-3\/'><img decoding=\"async\" width=\"1920\" height=\"1282\" src=\"https:\/\/www.eternumevents.com\/wp-content\/uploads\/2022\/12\/28-Gala-Porc-Or-IRTA-Lleida2021-DSC_0307-1.jpg\" class=\"attachment-full size-full\" alt=\"\" srcset=\"https:\/\/www.eternumevents.com\/wp-content\/uploads\/2022\/12\/28-Gala-Porc-Or-IRTA-Lleida2021-DSC_0307-1.jpg 1920w, https:\/\/www.eternumevents.com\/wp-content\/uploads\/2022\/12\/28-Gala-Porc-Or-IRTA-Lleida2021-DSC_0307-1-300x200.jpg 300w, https:\/\/www.eternumevents.com\/wp-content\/uploads\/2022\/12\/28-Gala-Porc-Or-IRTA-Lleida2021-DSC_0307-1-1024x684.jpg 1024w, https:\/\/www.eternumevents.com\/wp-content\/uploads\/2022\/12\/28-Gala-Porc-Or-IRTA-Lleida2021-DSC_0307-1-768x513.jpg 768w, https:\/\/www.eternumevents.com\/wp-content\/uploads\/2022\/12\/28-Gala-Porc-Or-IRTA-Lleida2021-DSC_0307-1-1536x1026.jpg 1536w\" sizes=\"(max-width: 1920px) 100vw, 1920px\" \/><\/a>\n\t\t\t<\/div><\/figure><figure class='gallery-item'>\n\t\t\t<div class='gallery-icon landscape'>\n\t\t\t\t<a href='https:\/\/www.eternumevents.com\/es\/27a-gala-premios-cerdo-de-oro-2021\/28-gala-porc-or-irta-lleida2021-dsc_0837\/'><img loading=\"lazy\" decoding=\"async\" width=\"1920\" height=\"1282\" src=\"https:\/\/www.eternumevents.com\/wp-content\/uploads\/2022\/12\/28-Gala-Porc-Or-IRTA-Lleida2021-DSC_0837.jpg\" class=\"attachment-full size-full\" alt=\"\" srcset=\"https:\/\/www.eternumevents.com\/wp-content\/uploads\/2022\/12\/28-Gala-Porc-Or-IRTA-Lleida2021-DSC_0837.jpg 1920w, https:\/\/www.eternumevents.com\/wp-content\/uploads\/2022\/12\/28-Gala-Porc-Or-IRTA-Lleida2021-DSC_0837-300x200.jpg 300w, https:\/\/www.eternumevents.com\/wp-content\/uploads\/2022\/12\/28-Gala-Porc-Or-IRTA-Lleida2021-DSC_0837-1024x684.jpg 1024w, https:\/\/www.eternumevents.com\/wp-content\/uploads\/2022\/12\/28-Gala-Porc-Or-IRTA-Lleida2021-DSC_0837-768x513.jpg 768w, https:\/\/www.eternumevents.com\/wp-content\/uploads\/2022\/12\/28-Gala-Porc-Or-IRTA-Lleida2021-DSC_0837-1536x1026.jpg 1536w\" sizes=\"(max-width: 1920px) 100vw, 1920px\" \/><\/a>\n\t\t\t<\/div><\/figure><figure class='gallery-item'>\n\t\t\t<div class='gallery-icon landscape'>\n\t\t\t\t<a href='https:\/\/www.eternumevents.com\/es\/27a-gala-premios-cerdo-de-oro-2021\/hq-28-gala-porc-or-irta-lleida2021-dsc_0058\/'><img loading=\"lazy\" decoding=\"async\" width=\"2560\" height=\"1709\" src=\"https:\/\/www.eternumevents.com\/wp-content\/uploads\/2022\/12\/HQ-28-Gala-Porc-Or-IRTA-Lleida2021-DSC_0058-scaled.jpg\" class=\"attachment-full size-full\" alt=\"\" srcset=\"https:\/\/www.eternumevents.com\/wp-content\/uploads\/2022\/12\/HQ-28-Gala-Porc-Or-IRTA-Lleida2021-DSC_0058-scaled.jpg 2560w, https:\/\/www.eternumevents.com\/wp-content\/uploads\/2022\/12\/HQ-28-Gala-Porc-Or-IRTA-Lleida2021-DSC_0058-300x200.jpg 300w, https:\/\/www.eternumevents.com\/wp-content\/uploads\/2022\/12\/HQ-28-Gala-Porc-Or-IRTA-Lleida2021-DSC_0058-1024x684.jpg 1024w, https:\/\/www.eternumevents.com\/wp-content\/uploads\/2022\/12\/HQ-28-Gala-Porc-Or-IRTA-Lleida2021-DSC_0058-768x513.jpg 768w, https:\/\/www.eternumevents.com\/wp-content\/uploads\/2022\/12\/HQ-28-Gala-Porc-Or-IRTA-Lleida2021-DSC_0058-1536x1025.jpg 1536w, https:\/\/www.eternumevents.com\/wp-content\/uploads\/2022\/12\/HQ-28-Gala-Porc-Or-IRTA-Lleida2021-DSC_0058-2048x1367.jpg 2048w\" sizes=\"(max-width: 2560px) 100vw, 2560px\" \/><\/a>\n\t\t\t<\/div><\/figure><figure class='gallery-item'>\n\t\t\t<div class='gallery-icon landscape'>\n\t\t\t\t<a href='https:\/\/www.eternumevents.com\/es\/27a-gala-premios-cerdo-de-oro-2021\/hq-28-gala-porc-or-irta-lleida2021-dsc_0866-3\/'><img loading=\"lazy\" decoding=\"async\" width=\"2560\" height=\"1709\" src=\"https:\/\/www.eternumevents.com\/wp-content\/uploads\/2022\/12\/HQ-28-Gala-Porc-Or-IRTA-Lleida2021-DSC_0866-1-scaled.jpg\" class=\"attachment-full size-full\" alt=\"\" srcset=\"https:\/\/www.eternumevents.com\/wp-content\/uploads\/2022\/12\/HQ-28-Gala-Porc-Or-IRTA-Lleida2021-DSC_0866-1-scaled.jpg 2560w, https:\/\/www.eternumevents.com\/wp-content\/uploads\/2022\/12\/HQ-28-Gala-Porc-Or-IRTA-Lleida2021-DSC_0866-1-300x200.jpg 300w, https:\/\/www.eternumevents.com\/wp-content\/uploads\/2022\/12\/HQ-28-Gala-Porc-Or-IRTA-Lleida2021-DSC_0866-1-1024x684.jpg 1024w, https:\/\/www.eternumevents.com\/wp-content\/uploads\/2022\/12\/HQ-28-Gala-Porc-Or-IRTA-Lleida2021-DSC_0866-1-768x513.jpg 768w, https:\/\/www.eternumevents.com\/wp-content\/uploads\/2022\/12\/HQ-28-Gala-Porc-Or-IRTA-Lleida2021-DSC_0866-1-1536x1025.jpg 1536w, https:\/\/www.eternumevents.com\/wp-content\/uploads\/2022\/12\/HQ-28-Gala-Porc-Or-IRTA-Lleida2021-DSC_0866-1-2048x1367.jpg 2048w\" sizes=\"(max-width: 2560px) 100vw, 2560px\" \/><\/a>\n\t\t\t<\/div><\/figure>\n\t\t<\/div>\n\n","protected":false},"excerpt":{"rendered":"<p>Un a\u00f1o m\u00e1s, Eternum Events pudo formar parte del equipo organizativo de los Premis Porc d&#8217;Or. Un a\u00f1o de retorno y adaptaciones debido a la pandemia, que recibi\u00f3 \u00e9xito de asistencia en el Palacio de Congresos de Lleida, la Lonja. A pesar de tener que eliminar algunas partes del programa, se dividi\u00f3 el acto en [&hellip;]<\/p>\n","protected":false},"author":3,"featured_media":4841,"comment_status":"open","ping_status":"closed","sticky":false,"template":"","format":"standard","meta":{"_acf_changed":false,"inline_featured_image":false,"footnotes":""},"categories":[58,55],"tags":[],"class_list":["post-5857","post","type-post","status-publish","format-standard","has-post-thumbnail","hentry","category-convenciones-y-congresos","category-portfolio"],"acf":[],"yoast_head":"<!-- This site is optimized with the Yoast SEO plugin v27.4 - https:\/\/yoast.com\/product\/yoast-seo-wordpress\/ -->\n<title>27\u00aa Gala Premios Porc d&#039;Or, 2021 - Eternum Events<\/title>\n<meta name=\"robots\" content=\"index, follow, max-snippet:-1, max-image-preview:large, max-video-preview:-1\" \/>\n<link rel=\"canonical\" href=\"https:\/\/www.eternumevents.com\/es\/27a-gala-premios-cerdo-de-oro-2021\/\" \/>\n<meta property=\"og:locale\" content=\"es_ES\" \/>\n<meta property=\"og:type\" content=\"article\" \/>\n<meta property=\"og:title\" content=\"27\u00aa Gala Premios Porc d&#039;Or, 2021 - Eternum Events\" \/>\n<meta property=\"og:description\" content=\"Un a\u00f1o m\u00e1s, Eternum Events pudo formar parte del equipo organizativo de los Premis Porc d&#8217;Or. Un a\u00f1o de retorno y adaptaciones debido a la pandemia, que recibi\u00f3 \u00e9xito de asistencia en el Palacio de Congresos de Lleida, la Lonja. A pesar de tener que eliminar algunas partes del programa, se dividi\u00f3 el acto en [&hellip;]\" \/>\n<meta property=\"og:url\" content=\"https:\/\/www.eternumevents.com\/es\/27a-gala-premios-cerdo-de-oro-2021\/\" \/>\n<meta property=\"og:site_name\" content=\"Eternum Events\" \/>\n<meta property=\"article:published_time\" content=\"2022-12-28T11:40:03+00:00\" \/>\n<meta property=\"article:modified_time\" content=\"2024-11-05T11:42:52+00:00\" \/>\n<meta property=\"og:image\" content=\"https:\/\/www.eternumevents.com\/wp-content\/uploads\/2022\/12\/28-Gala-Porc-Or-IRTA-Lleida2021-DSC_0844.jpg\" \/>\n\t<meta property=\"og:image:width\" content=\"1920\" \/>\n\t<meta property=\"og:image:height\" content=\"1282\" \/>\n\t<meta property=\"og:image:type\" content=\"image\/jpeg\" \/>\n<meta name=\"author\" content=\"Carla Eternum\" \/>\n<meta name=\"twitter:card\" content=\"summary_large_image\" \/>\n<meta name=\"twitter:label1\" content=\"Escrito por\" \/>\n\t<meta name=\"twitter:data1\" content=\"Carla Eternum\" \/>\n\t<meta name=\"twitter:label2\" content=\"Tiempo de lectura\" \/>\n\t<meta name=\"twitter:data2\" content=\"1 minuto\" \/>\n<script type=\"application\/ld+json\" class=\"yoast-schema-graph\">{\"@context\":\"https:\\\/\\\/schema.org\",\"@graph\":[{\"@type\":\"Article\",\"@id\":\"https:\\\/\\\/www.eternumevents.com\\\/es\\\/27a-gala-premios-cerdo-de-oro-2021\\\/#article\",\"isPartOf\":{\"@id\":\"https:\\\/\\\/www.eternumevents.com\\\/es\\\/27a-gala-premios-cerdo-de-oro-2021\\\/\"},\"author\":{\"name\":\"Carla Eternum\",\"@id\":\"https:\\\/\\\/www.eternumevents.com\\\/#\\\/schema\\\/person\\\/23a441203caa2ca60219403b1e5d61cf\"},\"headline\":\"27\u00aa Gala Premios Porc d&#8217;Or, 2021\",\"datePublished\":\"2022-12-28T11:40:03+00:00\",\"dateModified\":\"2024-11-05T11:42:52+00:00\",\"mainEntityOfPage\":{\"@id\":\"https:\\\/\\\/www.eternumevents.com\\\/es\\\/27a-gala-premios-cerdo-de-oro-2021\\\/\"},\"wordCount\":115,\"commentCount\":0,\"publisher\":{\"@id\":\"https:\\\/\\\/www.eternumevents.com\\\/#organization\"},\"image\":{\"@id\":\"https:\\\/\\\/www.eternumevents.com\\\/es\\\/27a-gala-premios-cerdo-de-oro-2021\\\/#primaryimage\"},\"thumbnailUrl\":\"https:\\\/\\\/www.eternumevents.com\\\/wp-content\\\/uploads\\\/2022\\\/12\\\/28-Gala-Porc-Or-IRTA-Lleida2021-DSC_0844.jpg\",\"articleSection\":[\"Convenciones y congresos\",\"Portfolio\"],\"inLanguage\":\"es\",\"potentialAction\":[{\"@type\":\"CommentAction\",\"name\":\"Comment\",\"target\":[\"https:\\\/\\\/www.eternumevents.com\\\/es\\\/27a-gala-premios-cerdo-de-oro-2021\\\/#respond\"]}]},{\"@type\":\"WebPage\",\"@id\":\"https:\\\/\\\/www.eternumevents.com\\\/es\\\/27a-gala-premios-cerdo-de-oro-2021\\\/\",\"url\":\"https:\\\/\\\/www.eternumevents.com\\\/es\\\/27a-gala-premios-cerdo-de-oro-2021\\\/\",\"name\":\"27\u00aa Gala Premios Porc d'Or, 2021 - Eternum Events\",\"isPartOf\":{\"@id\":\"https:\\\/\\\/www.eternumevents.com\\\/#website\"},\"primaryImageOfPage\":{\"@id\":\"https:\\\/\\\/www.eternumevents.com\\\/es\\\/27a-gala-premios-cerdo-de-oro-2021\\\/#primaryimage\"},\"image\":{\"@id\":\"https:\\\/\\\/www.eternumevents.com\\\/es\\\/27a-gala-premios-cerdo-de-oro-2021\\\/#primaryimage\"},\"thumbnailUrl\":\"https:\\\/\\\/www.eternumevents.com\\\/wp-content\\\/uploads\\\/2022\\\/12\\\/28-Gala-Porc-Or-IRTA-Lleida2021-DSC_0844.jpg\",\"datePublished\":\"2022-12-28T11:40:03+00:00\",\"dateModified\":\"2024-11-05T11:42:52+00:00\",\"breadcrumb\":{\"@id\":\"https:\\\/\\\/www.eternumevents.com\\\/es\\\/27a-gala-premios-cerdo-de-oro-2021\\\/#breadcrumb\"},\"inLanguage\":\"es\",\"potentialAction\":[{\"@type\":\"ReadAction\",\"target\":[\"https:\\\/\\\/www.eternumevents.com\\\/es\\\/27a-gala-premios-cerdo-de-oro-2021\\\/\"]}]},{\"@type\":\"ImageObject\",\"inLanguage\":\"es\",\"@id\":\"https:\\\/\\\/www.eternumevents.com\\\/es\\\/27a-gala-premios-cerdo-de-oro-2021\\\/#primaryimage\",\"url\":\"https:\\\/\\\/www.eternumevents.com\\\/wp-content\\\/uploads\\\/2022\\\/12\\\/28-Gala-Porc-Or-IRTA-Lleida2021-DSC_0844.jpg\",\"contentUrl\":\"https:\\\/\\\/www.eternumevents.com\\\/wp-content\\\/uploads\\\/2022\\\/12\\\/28-Gala-Porc-Or-IRTA-Lleida2021-DSC_0844.jpg\",\"width\":1920,\"height\":1282},{\"@type\":\"BreadcrumbList\",\"@id\":\"https:\\\/\\\/www.eternumevents.com\\\/es\\\/27a-gala-premios-cerdo-de-oro-2021\\\/#breadcrumb\",\"itemListElement\":[{\"@type\":\"ListItem\",\"position\":1,\"name\":\"Inici\",\"item\":\"https:\\\/\\\/www.eternumevents.com\\\/es\\\/\"},{\"@type\":\"ListItem\",\"position\":2,\"name\":\"27\u00aa Gala Premios Porc d&#8217;Or, 2021\"}]},{\"@type\":\"WebSite\",\"@id\":\"https:\\\/\\\/www.eternumevents.com\\\/#website\",\"url\":\"https:\\\/\\\/www.eternumevents.com\\\/\",\"name\":\"Eternum Events\",\"description\":\"Creem per emocionar\",\"publisher\":{\"@id\":\"https:\\\/\\\/www.eternumevents.com\\\/#organization\"},\"potentialAction\":[{\"@type\":\"SearchAction\",\"target\":{\"@type\":\"EntryPoint\",\"urlTemplate\":\"https:\\\/\\\/www.eternumevents.com\\\/?s={search_term_string}\"},\"query-input\":{\"@type\":\"PropertyValueSpecification\",\"valueRequired\":true,\"valueName\":\"search_term_string\"}}],\"inLanguage\":\"es\"},{\"@type\":\"Organization\",\"@id\":\"https:\\\/\\\/www.eternumevents.com\\\/#organization\",\"name\":\"Eternum Events\",\"url\":\"https:\\\/\\\/www.eternumevents.com\\\/\",\"logo\":{\"@type\":\"ImageObject\",\"inLanguage\":\"es\",\"@id\":\"https:\\\/\\\/www.eternumevents.com\\\/#\\\/schema\\\/logo\\\/image\\\/\",\"url\":\"https:\\\/\\\/www.eternumevents.com\\\/wp-content\\\/uploads\\\/2024\\\/03\\\/main-logo.svg\",\"contentUrl\":\"https:\\\/\\\/www.eternumevents.com\\\/wp-content\\\/uploads\\\/2024\\\/03\\\/main-logo.svg\",\"width\":223,\"height\":94,\"caption\":\"Eternum Events\"},\"image\":{\"@id\":\"https:\\\/\\\/www.eternumevents.com\\\/#\\\/schema\\\/logo\\\/image\\\/\"}},{\"@type\":\"Person\",\"@id\":\"https:\\\/\\\/www.eternumevents.com\\\/#\\\/schema\\\/person\\\/23a441203caa2ca60219403b1e5d61cf\",\"name\":\"Carla Eternum\",\"image\":{\"@type\":\"ImageObject\",\"inLanguage\":\"es\",\"@id\":\"https:\\\/\\\/secure.gravatar.com\\\/avatar\\\/c1ca2c46ac18b89004f3e514ad6e5237a28abe3a27ffac88d623e6e1d88225ba?s=96&d=mm&r=g\",\"url\":\"https:\\\/\\\/secure.gravatar.com\\\/avatar\\\/c1ca2c46ac18b89004f3e514ad6e5237a28abe3a27ffac88d623e6e1d88225ba?s=96&d=mm&r=g\",\"contentUrl\":\"https:\\\/\\\/secure.gravatar.com\\\/avatar\\\/c1ca2c46ac18b89004f3e514ad6e5237a28abe3a27ffac88d623e6e1d88225ba?s=96&d=mm&r=g\",\"caption\":\"Carla Eternum\"},\"url\":\"https:\\\/\\\/www.eternumevents.com\\\/es\\\/author\\\/carla-eternum\\\/\"}]}<\/script>\n<!-- \/ Yoast SEO plugin. -->","yoast_head_json":{"title":"27\u00aa Gala Premios Porc d'Or, 2021 - Eternum Events","robots":{"index":"index","follow":"follow","max-snippet":"max-snippet:-1","max-image-preview":"max-image-preview:large","max-video-preview":"max-video-preview:-1"},"canonical":"https:\/\/www.eternumevents.com\/es\/27a-gala-premios-cerdo-de-oro-2021\/","og_locale":"es_ES","og_type":"article","og_title":"27\u00aa Gala Premios Porc d'Or, 2021 - Eternum Events","og_description":"Un a\u00f1o m\u00e1s, Eternum Events pudo formar parte del equipo organizativo de los Premis Porc d&#8217;Or. Un a\u00f1o de retorno y adaptaciones debido a la pandemia, que recibi\u00f3 \u00e9xito de asistencia en el Palacio de Congresos de Lleida, la Lonja. A pesar de tener que eliminar algunas partes del programa, se dividi\u00f3 el acto en [&hellip;]","og_url":"https:\/\/www.eternumevents.com\/es\/27a-gala-premios-cerdo-de-oro-2021\/","og_site_name":"Eternum Events","article_published_time":"2022-12-28T11:40:03+00:00","article_modified_time":"2024-11-05T11:42:52+00:00","og_image":[{"width":1920,"height":1282,"url":"https:\/\/www.eternumevents.com\/wp-content\/uploads\/2022\/12\/28-Gala-Porc-Or-IRTA-Lleida2021-DSC_0844.jpg","type":"image\/jpeg"}],"author":"Carla Eternum","twitter_card":"summary_large_image","twitter_misc":{"Escrito por":"Carla Eternum","Tiempo de lectura":"1 minuto"},"schema":{"@context":"https:\/\/schema.org","@graph":[{"@type":"Article","@id":"https:\/\/www.eternumevents.com\/es\/27a-gala-premios-cerdo-de-oro-2021\/#article","isPartOf":{"@id":"https:\/\/www.eternumevents.com\/es\/27a-gala-premios-cerdo-de-oro-2021\/"},"author":{"name":"Carla Eternum","@id":"https:\/\/www.eternumevents.com\/#\/schema\/person\/23a441203caa2ca60219403b1e5d61cf"},"headline":"27\u00aa Gala Premios Porc d&#8217;Or, 2021","datePublished":"2022-12-28T11:40:03+00:00","dateModified":"2024-11-05T11:42:52+00:00","mainEntityOfPage":{"@id":"https:\/\/www.eternumevents.com\/es\/27a-gala-premios-cerdo-de-oro-2021\/"},"wordCount":115,"commentCount":0,"publisher":{"@id":"https:\/\/www.eternumevents.com\/#organization"},"image":{"@id":"https:\/\/www.eternumevents.com\/es\/27a-gala-premios-cerdo-de-oro-2021\/#primaryimage"},"thumbnailUrl":"https:\/\/www.eternumevents.com\/wp-content\/uploads\/2022\/12\/28-Gala-Porc-Or-IRTA-Lleida2021-DSC_0844.jpg","articleSection":["Convenciones y congresos","Portfolio"],"inLanguage":"es","potentialAction":[{"@type":"CommentAction","name":"Comment","target":["https:\/\/www.eternumevents.com\/es\/27a-gala-premios-cerdo-de-oro-2021\/#respond"]}]},{"@type":"WebPage","@id":"https:\/\/www.eternumevents.com\/es\/27a-gala-premios-cerdo-de-oro-2021\/","url":"https:\/\/www.eternumevents.com\/es\/27a-gala-premios-cerdo-de-oro-2021\/","name":"27\u00aa Gala Premios Porc d'Or, 2021 - Eternum Events","isPartOf":{"@id":"https:\/\/www.eternumevents.com\/#website"},"primaryImageOfPage":{"@id":"https:\/\/www.eternumevents.com\/es\/27a-gala-premios-cerdo-de-oro-2021\/#primaryimage"},"image":{"@id":"https:\/\/www.eternumevents.com\/es\/27a-gala-premios-cerdo-de-oro-2021\/#primaryimage"},"thumbnailUrl":"https:\/\/www.eternumevents.com\/wp-content\/uploads\/2022\/12\/28-Gala-Porc-Or-IRTA-Lleida2021-DSC_0844.jpg","datePublished":"2022-12-28T11:40:03+00:00","dateModified":"2024-11-05T11:42:52+00:00","breadcrumb":{"@id":"https:\/\/www.eternumevents.com\/es\/27a-gala-premios-cerdo-de-oro-2021\/#breadcrumb"},"inLanguage":"es","potentialAction":[{"@type":"ReadAction","target":["https:\/\/www.eternumevents.com\/es\/27a-gala-premios-cerdo-de-oro-2021\/"]}]},{"@type":"ImageObject","inLanguage":"es","@id":"https:\/\/www.eternumevents.com\/es\/27a-gala-premios-cerdo-de-oro-2021\/#primaryimage","url":"https:\/\/www.eternumevents.com\/wp-content\/uploads\/2022\/12\/28-Gala-Porc-Or-IRTA-Lleida2021-DSC_0844.jpg","contentUrl":"https:\/\/www.eternumevents.com\/wp-content\/uploads\/2022\/12\/28-Gala-Porc-Or-IRTA-Lleida2021-DSC_0844.jpg","width":1920,"height":1282},{"@type":"BreadcrumbList","@id":"https:\/\/www.eternumevents.com\/es\/27a-gala-premios-cerdo-de-oro-2021\/#breadcrumb","itemListElement":[{"@type":"ListItem","position":1,"name":"Inici","item":"https:\/\/www.eternumevents.com\/es\/"},{"@type":"ListItem","position":2,"name":"27\u00aa Gala Premios Porc d&#8217;Or, 2021"}]},{"@type":"WebSite","@id":"https:\/\/www.eternumevents.com\/#website","url":"https:\/\/www.eternumevents.com\/","name":"Eternum Events","description":"Creem per emocionar","publisher":{"@id":"https:\/\/www.eternumevents.com\/#organization"},"potentialAction":[{"@type":"SearchAction","target":{"@type":"EntryPoint","urlTemplate":"https:\/\/www.eternumevents.com\/?s={search_term_string}"},"query-input":{"@type":"PropertyValueSpecification","valueRequired":true,"valueName":"search_term_string"}}],"inLanguage":"es"},{"@type":"Organization","@id":"https:\/\/www.eternumevents.com\/#organization","name":"Eternum Events","url":"https:\/\/www.eternumevents.com\/","logo":{"@type":"ImageObject","inLanguage":"es","@id":"https:\/\/www.eternumevents.com\/#\/schema\/logo\/image\/","url":"https:\/\/www.eternumevents.com\/wp-content\/uploads\/2024\/03\/main-logo.svg","contentUrl":"https:\/\/www.eternumevents.com\/wp-content\/uploads\/2024\/03\/main-logo.svg","width":223,"height":94,"caption":"Eternum Events"},"image":{"@id":"https:\/\/www.eternumevents.com\/#\/schema\/logo\/image\/"}},{"@type":"Person","@id":"https:\/\/www.eternumevents.com\/#\/schema\/person\/23a441203caa2ca60219403b1e5d61cf","name":"Carla Eternum","image":{"@type":"ImageObject","inLanguage":"es","@id":"https:\/\/secure.gravatar.com\/avatar\/c1ca2c46ac18b89004f3e514ad6e5237a28abe3a27ffac88d623e6e1d88225ba?s=96&d=mm&r=g","url":"https:\/\/secure.gravatar.com\/avatar\/c1ca2c46ac18b89004f3e514ad6e5237a28abe3a27ffac88d623e6e1d88225ba?s=96&d=mm&r=g","contentUrl":"https:\/\/secure.gravatar.com\/avatar\/c1ca2c46ac18b89004f3e514ad6e5237a28abe3a27ffac88d623e6e1d88225ba?s=96&d=mm&r=g","caption":"Carla Eternum"},"url":"https:\/\/www.eternumevents.com\/es\/author\/carla-eternum\/"}]}},"_links":{"self":[{"href":"https:\/\/www.eternumevents.com\/es\/wp-json\/wp\/v2\/posts\/5857","targetHints":{"allow":["GET"]}}],"collection":[{"href":"https:\/\/www.eternumevents.com\/es\/wp-json\/wp\/v2\/posts"}],"about":[{"href":"https:\/\/www.eternumevents.com\/es\/wp-json\/wp\/v2\/types\/post"}],"author":[{"embeddable":true,"href":"https:\/\/www.eternumevents.com\/es\/wp-json\/wp\/v2\/users\/3"}],"replies":[{"embeddable":true,"href":"https:\/\/www.eternumevents.com\/es\/wp-json\/wp\/v2\/comments?post=5857"}],"version-history":[{"count":2,"href":"https:\/\/www.eternumevents.com\/es\/wp-json\/wp\/v2\/posts\/5857\/revisions"}],"predecessor-version":[{"id":6357,"href":"https:\/\/www.eternumevents.com\/es\/wp-json\/wp\/v2\/posts\/5857\/revisions\/6357"}],"wp:featuredmedia":[{"embeddable":true,"href":"https:\/\/www.eternumevents.com\/es\/wp-json\/wp\/v2\/media\/4841"}],"wp:attachment":[{"href":"https:\/\/www.eternumevents.com\/es\/wp-json\/wp\/v2\/media?parent=5857"}],"wp:term":[{"taxonomy":"category","embeddable":true,"href":"https:\/\/www.eternumevents.com\/es\/wp-json\/wp\/v2\/categories?post=5857"},{"taxonomy":"post_tag","embeddable":true,"href":"https:\/\/www.eternumevents.com\/es\/wp-json\/wp\/v2\/tags?post=5857"}],"curies":[{"name":"wp","href":"https:\/\/api.w.org\/{rel}","templated":true}]}}