{"id":5908,"date":"2023-08-31T13:24:20","date_gmt":"2023-08-31T11:24:20","guid":{"rendered":"https:\/\/www.eternumevents.com\/nova\/marca-la-diferencia-con-tu-congreso\/"},"modified":"2024-07-11T11:56:29","modified_gmt":"2024-07-11T09:56:29","slug":"marca-la-diferencia-con-tu-congreso","status":"publish","type":"post","link":"https:\/\/www.eternumevents.com\/es\/marca-la-diferencia-con-tu-congreso\/","title":{"rendered":"Marca la diferencia con tu congreso"},"content":{"rendered":"\n<p>A partir de nuestra experiencia organizando varios congresos, y muchas veces aprendiendo a base de prueba y error, creemos que hemos descubierto las <u>claves para que tu congreso destaque entre el resto<\/u> y los asistentes no lo olviden. A continuaci\u00f3n, le dejamos nuestros consejos.<\/p>\n\n<p><strong>Celebrar el congreso en un espacio diferente<\/strong> al habitual puede ser una forma de hacer que tu evento sea m\u00e1s original, creativo y memorable. Un espacio distinto puede estimular los sentidos, la imaginaci\u00f3n y la curiosidad de los asistentes. Os dejamos por ah\u00ed un secreto, y es que a veces, el espacio hace el evento.<\/p>\n\n<p>Pero, \u00bfqu\u00e9 tipo de espacio distinto puedes elegir para tu congreso? Existen muchas opciones posibles, dependiendo del tema, del presupuesto y de la disponibilidad. Le animamos a que piense <em>out of the box<\/em> y se plantee cualquier tipo de espacio, aunque parezca no-convencional\u2026 Desde museos, parques al aire libre o castillos, lo importante es que elijas un espacio que sea coherente con el tema de tu congreso, que sea accesible para los asistentes y que te permita cumplir con los objetivos de tu evento.<\/p>\n\n<p>Si no tenemos la oportunidad o los recursos para mover todo el congreso a un nuevo espacio, podemos externalizar alguna parte del congreso como, por ejemplo, el <em>Welcome Reception<\/em> , alg\u00fan taller pr\u00e1ctico o la cena de bienvenida.<\/p>\n\n<p>En Eternum Events, por ejemplo, organizamos el <em>Welcome Reception<\/em> de los EMYA 2023 en la terraza mirador 360\u00ba del Ayuntamiento de Barcelona, \u200b\u200bacompa\u00f1ado de una cena cocktail y una DJ que ambient\u00f3 todo el momento.<\/p>\n\n<div class=\"wp-block-columns is-layout-flex wp-container-core-columns-is-layout-28f84493 wp-block-columns-is-layout-flex\">\n<div class=\"wp-block-column is-layout-flow wp-block-column-is-layout-flow\" style=\"flex-basis:25%\"><\/div>\n\n\n\n<div class=\"wp-block-column is-layout-flow wp-block-column-is-layout-flow\" style=\"flex-basis:50%\">\n<figure class=\"wp-block-image aligncenter\"><a href=\"https:\/\/www.eternumevents.com\/european-museum-of-the-year-award\/\"><img fetchpriority=\"high\" decoding=\"async\" width=\"2560\" height=\"1705\" src=\"https:\/\/www.eternumevents.com\/wp-content\/uploads\/2023\/08\/VAL_3926-scaled.jpg\" alt=\"Welcome reception de los European Museum Year Award, EMYA 2023 en el Ayuntamiento de Barcelona. Organizado por Eternum Events agency\" class=\"wp-image-2922\" srcset=\"https:\/\/www.eternumevents.com\/wp-content\/uploads\/2023\/08\/VAL_3926-scaled.jpg 2560w, https:\/\/www.eternumevents.com\/wp-content\/uploads\/2023\/08\/VAL_3926-300x200.jpg 300w, https:\/\/www.eternumevents.com\/wp-content\/uploads\/2023\/08\/VAL_3926-1024x682.jpg 1024w, https:\/\/www.eternumevents.com\/wp-content\/uploads\/2023\/08\/VAL_3926-768x512.jpg 768w, https:\/\/www.eternumevents.com\/wp-content\/uploads\/2023\/08\/VAL_3926-1536x1023.jpg 1536w, https:\/\/www.eternumevents.com\/wp-content\/uploads\/2023\/08\/VAL_3926-2048x1364.jpg 2048w\" sizes=\"(max-width: 2560px) 100vw, 2560px\" \/><\/a><figcaption class=\"wp-element-caption\">Welcome Recepci\u00f3n de los European Museum Year Award 2023.<\/figcaption><\/figure>\n<\/div>\n\n\n\n<div class=\"wp-block-column is-layout-flow wp-block-column-is-layout-flow\" style=\"flex-basis:25%\"><\/div>\n<\/div>\n\n<p>Otro ejemplo que podemos compartiros desde Eternum Events es el Congreso Puerto Sostenible que organizamos en Bilbao, coordinando tambi\u00e9n la cena de Gala en el Museo Guggenheim de Bilbao, un espacio emblem\u00e1tico que sorprendi\u00f3 a todos los asistentes.<\/p>\n\n<div class=\"wp-block-columns is-layout-flex wp-container-core-columns-is-layout-28f84493 wp-block-columns-is-layout-flex\">\n<div class=\"wp-block-column is-layout-flow wp-block-column-is-layout-flow\">\n<div class=\"wp-block-columns is-layout-flex wp-container-core-columns-is-layout-28f84493 wp-block-columns-is-layout-flex\">\n<div class=\"wp-block-column is-layout-flow wp-block-column-is-layout-flow\"><\/div>\n\n\n\n<div class=\"wp-block-column is-layout-flow wp-block-column-is-layout-flow\"><\/div>\n\n\n\n<div class=\"wp-block-column is-layout-flow wp-block-column-is-layout-flow\"><\/div>\n<\/div>\n<\/div>\n\n\n\n<div class=\"wp-block-column is-layout-flow wp-block-column-is-layout-flow\">\n<figure class=\"wp-block-image alignright is-resized\"><a href=\"https:\/\/www.eternumevents.com\/congreso-puerto-sostenible-2022\/\"><img decoding=\"async\" width=\"1707\" height=\"2560\" src=\"https:\/\/www.eternumevents.com\/wp-content\/uploads\/2023\/08\/PuertoSostenible-2022-DdelVal-141-scaled.jpg\" alt=\"Cena de Gala en Guggenheim en el Congreso Puerto Sostenible de Bilbao. Organizado por eternum Events agency.  \" class=\"wp-image-2930\" style=\"width:385px;height:auto\" srcset=\"https:\/\/www.eternumevents.com\/wp-content\/uploads\/2023\/08\/PuertoSostenible-2022-DdelVal-141-scaled.jpg 1707w, https:\/\/www.eternumevents.com\/wp-content\/uploads\/2023\/08\/PuertoSostenible-2022-DdelVal-141-200x300.jpg 200w, https:\/\/www.eternumevents.com\/wp-content\/uploads\/2023\/08\/PuertoSostenible-2022-DdelVal-141-683x1024.jpg 683w, https:\/\/www.eternumevents.com\/wp-content\/uploads\/2023\/08\/PuertoSostenible-2022-DdelVal-141-768x1152.jpg 768w, https:\/\/www.eternumevents.com\/wp-content\/uploads\/2023\/08\/PuertoSostenible-2022-DdelVal-141-1024x1536.jpg 1024w, https:\/\/www.eternumevents.com\/wp-content\/uploads\/2023\/08\/PuertoSostenible-2022-DdelVal-141-1365x2048.jpg 1365w\" sizes=\"(max-width: 1707px) 100vw, 1707px\" \/><\/a><figcaption class=\"wp-element-caption\">Cena de Gala en el museo Guggenheim de Bilbao por el Congreso \u00abPuerto Sostenible\u00bb.<\/figcaption><\/figure>\n<\/div>\n\n\n\n<div class=\"wp-block-column is-layout-flow wp-block-column-is-layout-flow\"><\/div>\n<\/div>\n\n<p><\/p>\n\n<p>Si nos adentramos en la estructura del congreso, destacar\u00edamos que las ponencias de una hora o dos de duraci\u00f3n han terminado. La nueva tendencia es realizar ponencias de 30-45 minutos. De esta forma, nos aseguramos de dar m\u00e1s dinamismo a nuestro congreso. Esto nos permitir\u00e1 tener m\u00e1s ponentes, tener m\u00e1s tiempo para realizar otro tipo de actividades o bien, a\u00f1adir m\u00e1s pausas (que son muuuules necesarias).<\/p>\n\n<p>Para que tu congreso sea m\u00e1s original, lo que debemos hacer es utilizar <strong>formatos innovadores para las presentaciones<\/strong> . Los formatos tradicionales, como las ponencias, las mesas redondas o los paneles de expertos pueden resultar aburridos o mon\u00f3tonos para los asistentes. Por eso, puedes optar por formatos m\u00e1s din\u00e1micos y atractivos como, por ejemplo, las charlas TED, las presentaciones Pecha Kucha, las entrevistas en vivo, las demostraciones pr\u00e1cticas, etc. Estos formatos te permitir\u00e1n captar la atenci\u00f3n de los asistentes, generar debate y provocar emociones.<\/p>\n\n<p>Otra idea distinta e innovadora es el Visual Thinking. Se trata, como explica la experta Elena Urizar \u201cde una t\u00e9cnica de representaci\u00f3n gr\u00e1fica utilizada para crear s\u00edntesis visuales en conferencias, talleres y reuniones. Escucha atentamente, identifica lo importante, la esencia de lo que se est\u00e1 tratando, mientras crea los res\u00famenes en visuales en directo, que contienen im\u00e1genes y texto que simbolizan lo que el ponente explica\u201d.<\/p>\n\n<div class=\"wp-block-columns is-layout-flex wp-container-core-columns-is-layout-28f84493 wp-block-columns-is-layout-flex\">\n<div class=\"wp-block-column is-layout-flow wp-block-column-is-layout-flow\" style=\"flex-basis:25%\"><\/div>\n\n\n\n<div class=\"wp-block-column is-layout-flow wp-block-column-is-layout-flow\" style=\"flex-basis:50%\">\n<figure class=\"wp-block-image aligncenter\"><a href=\"https:\/\/www.eternumevents.com\/congreso-puerto-sostenible-2022\/\"><img decoding=\"async\" width=\"2560\" height=\"1707\" src=\"https:\/\/www.eternumevents.com\/wp-content\/uploads\/2023\/08\/PuertoSostenible-2022-DdelVal-037-scaled.jpg\" alt=\"Visual Thinking en el Congreso Puerto Sostenible de Bilbao. Organizado por eternum Events agency.  \" class=\"wp-image-2926\" srcset=\"https:\/\/www.eternumevents.com\/wp-content\/uploads\/2023\/08\/PuertoSostenible-2022-DdelVal-037-scaled.jpg 2560w, https:\/\/www.eternumevents.com\/wp-content\/uploads\/2023\/08\/PuertoSostenible-2022-DdelVal-037-300x200.jpg 300w, https:\/\/www.eternumevents.com\/wp-content\/uploads\/2023\/08\/PuertoSostenible-2022-DdelVal-037-1024x683.jpg 1024w, https:\/\/www.eternumevents.com\/wp-content\/uploads\/2023\/08\/PuertoSostenible-2022-DdelVal-037-768x512.jpg 768w, https:\/\/www.eternumevents.com\/wp-content\/uploads\/2023\/08\/PuertoSostenible-2022-DdelVal-037-1536x1024.jpg 1536w, https:\/\/www.eternumevents.com\/wp-content\/uploads\/2023\/08\/PuertoSostenible-2022-DdelVal-037-2048x1365.jpg 2048w\" sizes=\"(max-width: 2560px) 100vw, 2560px\" \/><\/a><figcaption class=\"wp-element-caption\">Visual Thinking en el Congreso \u00abPuerto Sostenible\u00bb en Bilbao.<\/figcaption><\/figure>\n<\/div>\n\n\n\n<div class=\"wp-block-column is-layout-flow wp-block-column-is-layout-flow\" style=\"flex-basis:25%\"><\/div>\n<\/div>\n\n<p>Adem\u00e1s, para mantener la originalidad te proponemos <strong>incorporar actividades l\u00fadicas<\/strong> que rompan la rutina y fomenten la participaci\u00f3n y la interacci\u00f3n de los asistentes. Estas actividades pueden ser talleres, juegos, concursos, din\u00e1micas de grupo, espect\u00e1culos, visitas guiadas, etc. Lo importante es que las actividades est\u00e9n relacionadas con el tema del congreso y que aporten valor a\u00f1adido a los asistentes, creando un espacio para el networking.<\/p>\n\n<div class=\"wp-block-columns is-layout-flex wp-container-core-columns-is-layout-28f84493 wp-block-columns-is-layout-flex\">\n<div class=\"wp-block-column is-layout-flow wp-block-column-is-layout-flow\" style=\"flex-basis:25%\"><\/div>\n\n\n\n<div class=\"wp-block-column is-layout-flow wp-block-column-is-layout-flow\" style=\"flex-basis:50%\">\n<figure class=\"wp-block-image aligncenter\"><a href=\"https:\/\/www.eternumevents.com\/?p=2557\"><img loading=\"lazy\" decoding=\"async\" width=\"2560\" height=\"1709\" src=\"https:\/\/www.eternumevents.com\/wp-content\/uploads\/2023\/08\/CONGRESO-25-03-23-0022-scaled.jpg\" alt=\"Congreso Winfocus Iberia, Cuidad Real. Organizado por Eternum Events agency  \" class=\"wp-image-2924\" srcset=\"https:\/\/www.eternumevents.com\/wp-content\/uploads\/2023\/08\/CONGRESO-25-03-23-0022-scaled.jpg 2560w, https:\/\/www.eternumevents.com\/wp-content\/uploads\/2023\/08\/CONGRESO-25-03-23-0022-300x200.jpg 300w, https:\/\/www.eternumevents.com\/wp-content\/uploads\/2023\/08\/CONGRESO-25-03-23-0022-1024x684.jpg 1024w, https:\/\/www.eternumevents.com\/wp-content\/uploads\/2023\/08\/CONGRESO-25-03-23-0022-768x513.jpg 768w, https:\/\/www.eternumevents.com\/wp-content\/uploads\/2023\/08\/CONGRESO-25-03-23-0022-1536x1025.jpg 1536w, https:\/\/www.eternumevents.com\/wp-content\/uploads\/2023\/08\/CONGRESO-25-03-23-0022-2048x1367.jpg 2048w\" sizes=\"(max-width: 2560px) 100vw, 2560px\" \/><\/a><figcaption class=\"wp-element-caption\">Congreso Winfocus Iberia, Cuidad Real. Impartiendo cursos paralelos al congreso.<\/figcaption><\/figure>\n<\/div>\n\n\n\n<div class=\"wp-block-column is-layout-flow wp-block-column-is-layout-flow\" style=\"flex-basis:25%\"><\/div>\n<\/div>\n\n<p>Otro ejemplo es el paseo en barca por el r\u00edo de bilbao que incorporamos como actividad l\u00fadica despu\u00e9s del primer d\u00eda de congreso, tanto ponentes como asistentes tuvieron acceso a esta actividad.<\/p>\n\n<div class=\"wp-block-columns is-layout-flex wp-container-core-columns-is-layout-28f84493 wp-block-columns-is-layout-flex\">\n<div class=\"wp-block-column is-layout-flow wp-block-column-is-layout-flow\" style=\"flex-basis:25%\"><\/div>\n\n\n\n<div class=\"wp-block-column is-layout-flow wp-block-column-is-layout-flow\" style=\"flex-basis:50%\">\n<figure class=\"wp-block-image aligncenter\"><a href=\"https:\/\/www.eternumevents.com\/congreso-puerto-sostenible-2022\/\"><img loading=\"lazy\" decoding=\"async\" width=\"2560\" height=\"1707\" src=\"https:\/\/www.eternumevents.com\/wp-content\/uploads\/2023\/08\/PuertoSostenible-2022-DdelVal-120-scaled.jpg\" alt=\"Paseo por la r&#xED;a de Bilbao en el Congreso Puerto Sostenible. Organizado por eternum Events agency.  \" class=\"wp-image-2928\" srcset=\"https:\/\/www.eternumevents.com\/wp-content\/uploads\/2023\/08\/PuertoSostenible-2022-DdelVal-120-scaled.jpg 2560w, https:\/\/www.eternumevents.com\/wp-content\/uploads\/2023\/08\/PuertoSostenible-2022-DdelVal-120-300x200.jpg 300w, https:\/\/www.eternumevents.com\/wp-content\/uploads\/2023\/08\/PuertoSostenible-2022-DdelVal-120-1024x683.jpg 1024w, https:\/\/www.eternumevents.com\/wp-content\/uploads\/2023\/08\/PuertoSostenible-2022-DdelVal-120-768x512.jpg 768w, https:\/\/www.eternumevents.com\/wp-content\/uploads\/2023\/08\/PuertoSostenible-2022-DdelVal-120-1536x1024.jpg 1536w, https:\/\/www.eternumevents.com\/wp-content\/uploads\/2023\/08\/PuertoSostenible-2022-DdelVal-120-2048x1365.jpg 2048w\" sizes=\"(max-width: 2560px) 100vw, 2560px\" \/><\/a><figcaption class=\"wp-element-caption\">Paseo por el r\u00edo de Bilbao en el Congreso \u00abPuerto Sostenible\u00bb.<\/figcaption><\/figure>\n<\/div>\n\n\n\n<div class=\"wp-block-column is-layout-flow wp-block-column-is-layout-flow\" style=\"flex-basis:25%\"><\/div>\n<\/div>\n\n<p>No se trata de cambiar radicalmente la estructura del congreso, sino simplemente de buscar un equilibrio entre lo tradicional e innovador.<\/p>\n\n<p>Por \u00faltimo, no queremos dejar de lado los <strong>elementos sorpresa<\/strong> , como pueden ser regalos, sorteos, reconocimientos, invitados inesperados, etc. De esta forma conseguiremos captar la atenci\u00f3n del p\u00fablico. \u00a1Ah! No se olvide del merchandising del kit del congresista Sea creativo e intente dar alg\u00fan detalle diferente a los que se dan en todos los eventos y que se adapte a la tem\u00e1tica y valores de tu congreso.<\/p>\n\n<p>Si ha llegado hasta aqu\u00ed, estamos seguros de que ya tiene un poco m\u00e1s claro c\u00f3mo hacer que su congreso se diferencie de los dem\u00e1s. Y si, aun as\u00ed, necesita un poco m\u00e1s de orientaci\u00f3n, ya sabe con qui\u00e9n contactar \ud83d\ude09 \u00a1Estaremos encantadas de ayudarle!<\/p>\n","protected":false},"excerpt":{"rendered":"<p>A partir de nuestra experiencia organizando varios congresos, y muchas veces aprendiendo a base de prueba y error, creemos que hemos descubierto las claves para que tu congreso destaque entre el resto y los asistentes no lo olviden. A continuaci\u00f3n, le dejamos nuestros consejos. Celebrar el congreso en un espacio diferente al habitual puede ser [&hellip;]<\/p>\n","protected":false},"author":3,"featured_media":5368,"comment_status":"open","ping_status":"closed","sticky":false,"template":"","format":"standard","meta":{"_acf_changed":false,"inline_featured_image":false,"footnotes":""},"categories":[51],"tags":[],"class_list":["post-5908","post","type-post","status-publish","format-standard","has-post-thumbnail","hentry","category-blog-es"],"acf":[],"yoast_head":"<!-- This site is optimized with the Yoast SEO plugin v27.5 - https:\/\/yoast.com\/product\/yoast-seo-wordpress\/ -->\n<title>Marca la diferencia con tu congreso - Eternum Events<\/title>\n<meta name=\"robots\" content=\"index, follow, max-snippet:-1, max-image-preview:large, max-video-preview:-1\" \/>\n<link rel=\"canonical\" href=\"https:\/\/www.eternumevents.com\/es\/marca-la-diferencia-con-tu-congreso\/\" \/>\n<meta property=\"og:locale\" content=\"es_ES\" \/>\n<meta property=\"og:type\" content=\"article\" \/>\n<meta property=\"og:title\" content=\"Marca la diferencia con tu congreso - Eternum Events\" \/>\n<meta property=\"og:description\" content=\"A partir de nuestra experiencia organizando varios congresos, y muchas veces aprendiendo a base de prueba y error, creemos que hemos descubierto las claves para que tu congreso destaque entre el resto y los asistentes no lo olviden. A continuaci\u00f3n, le dejamos nuestros consejos. Celebrar el congreso en un espacio diferente al habitual puede ser [&hellip;]\" \/>\n<meta property=\"og:url\" content=\"https:\/\/www.eternumevents.com\/es\/marca-la-diferencia-con-tu-congreso\/\" \/>\n<meta property=\"og:site_name\" content=\"Eternum Events\" \/>\n<meta property=\"article:published_time\" content=\"2023-08-31T11:24:20+00:00\" \/>\n<meta property=\"article:modified_time\" content=\"2024-07-11T09:56:29+00:00\" \/>\n<meta property=\"og:image\" content=\"https:\/\/www.eternumevents.com\/wp-content\/uploads\/2023\/08\/PuertoSostenible-2022-DdelVal-221-scaled.jpg\" \/>\n\t<meta property=\"og:image:width\" content=\"2560\" \/>\n\t<meta property=\"og:image:height\" content=\"1709\" \/>\n\t<meta property=\"og:image:type\" content=\"image\/jpeg\" \/>\n<meta name=\"author\" content=\"Carla Eternum\" \/>\n<meta name=\"twitter:card\" content=\"summary_large_image\" \/>\n<meta name=\"twitter:label1\" content=\"Escrito por\" \/>\n\t<meta name=\"twitter:data1\" content=\"Carla Eternum\" \/>\n\t<meta name=\"twitter:label2\" content=\"Tiempo de lectura\" \/>\n\t<meta name=\"twitter:data2\" content=\"4 minutos\" \/>\n<script type=\"application\/ld+json\" class=\"yoast-schema-graph\">{\"@context\":\"https:\\\/\\\/schema.org\",\"@graph\":[{\"@type\":\"Article\",\"@id\":\"https:\\\/\\\/www.eternumevents.com\\\/es\\\/marca-la-diferencia-con-tu-congreso\\\/#article\",\"isPartOf\":{\"@id\":\"https:\\\/\\\/www.eternumevents.com\\\/es\\\/marca-la-diferencia-con-tu-congreso\\\/\"},\"author\":{\"name\":\"Carla Eternum\",\"@id\":\"https:\\\/\\\/www.eternumevents.com\\\/#\\\/schema\\\/person\\\/23a441203caa2ca60219403b1e5d61cf\"},\"headline\":\"Marca la diferencia con tu congreso\",\"datePublished\":\"2023-08-31T11:24:20+00:00\",\"dateModified\":\"2024-07-11T09:56:29+00:00\",\"mainEntityOfPage\":{\"@id\":\"https:\\\/\\\/www.eternumevents.com\\\/es\\\/marca-la-diferencia-con-tu-congreso\\\/\"},\"wordCount\":845,\"commentCount\":0,\"publisher\":{\"@id\":\"https:\\\/\\\/www.eternumevents.com\\\/#organization\"},\"image\":{\"@id\":\"https:\\\/\\\/www.eternumevents.com\\\/es\\\/marca-la-diferencia-con-tu-congreso\\\/#primaryimage\"},\"thumbnailUrl\":\"https:\\\/\\\/www.eternumevents.com\\\/wp-content\\\/uploads\\\/2023\\\/08\\\/PuertoSostenible-2022-DdelVal-221-scaled.jpg\",\"articleSection\":[\"Blog\"],\"inLanguage\":\"es\",\"potentialAction\":[{\"@type\":\"CommentAction\",\"name\":\"Comment\",\"target\":[\"https:\\\/\\\/www.eternumevents.com\\\/es\\\/marca-la-diferencia-con-tu-congreso\\\/#respond\"]}]},{\"@type\":\"WebPage\",\"@id\":\"https:\\\/\\\/www.eternumevents.com\\\/es\\\/marca-la-diferencia-con-tu-congreso\\\/\",\"url\":\"https:\\\/\\\/www.eternumevents.com\\\/es\\\/marca-la-diferencia-con-tu-congreso\\\/\",\"name\":\"Marca la diferencia con tu congreso - Eternum Events\",\"isPartOf\":{\"@id\":\"https:\\\/\\\/www.eternumevents.com\\\/#website\"},\"primaryImageOfPage\":{\"@id\":\"https:\\\/\\\/www.eternumevents.com\\\/es\\\/marca-la-diferencia-con-tu-congreso\\\/#primaryimage\"},\"image\":{\"@id\":\"https:\\\/\\\/www.eternumevents.com\\\/es\\\/marca-la-diferencia-con-tu-congreso\\\/#primaryimage\"},\"thumbnailUrl\":\"https:\\\/\\\/www.eternumevents.com\\\/wp-content\\\/uploads\\\/2023\\\/08\\\/PuertoSostenible-2022-DdelVal-221-scaled.jpg\",\"datePublished\":\"2023-08-31T11:24:20+00:00\",\"dateModified\":\"2024-07-11T09:56:29+00:00\",\"breadcrumb\":{\"@id\":\"https:\\\/\\\/www.eternumevents.com\\\/es\\\/marca-la-diferencia-con-tu-congreso\\\/#breadcrumb\"},\"inLanguage\":\"es\",\"potentialAction\":[{\"@type\":\"ReadAction\",\"target\":[\"https:\\\/\\\/www.eternumevents.com\\\/es\\\/marca-la-diferencia-con-tu-congreso\\\/\"]}]},{\"@type\":\"ImageObject\",\"inLanguage\":\"es\",\"@id\":\"https:\\\/\\\/www.eternumevents.com\\\/es\\\/marca-la-diferencia-con-tu-congreso\\\/#primaryimage\",\"url\":\"https:\\\/\\\/www.eternumevents.com\\\/wp-content\\\/uploads\\\/2023\\\/08\\\/PuertoSostenible-2022-DdelVal-221-scaled.jpg\",\"contentUrl\":\"https:\\\/\\\/www.eternumevents.com\\\/wp-content\\\/uploads\\\/2023\\\/08\\\/PuertoSostenible-2022-DdelVal-221-scaled.jpg\",\"width\":2560,\"height\":1709},{\"@type\":\"BreadcrumbList\",\"@id\":\"https:\\\/\\\/www.eternumevents.com\\\/es\\\/marca-la-diferencia-con-tu-congreso\\\/#breadcrumb\",\"itemListElement\":[{\"@type\":\"ListItem\",\"position\":1,\"name\":\"Inici\",\"item\":\"https:\\\/\\\/www.eternumevents.com\\\/es\\\/\"},{\"@type\":\"ListItem\",\"position\":2,\"name\":\"Marca la diferencia con tu congreso\"}]},{\"@type\":\"WebSite\",\"@id\":\"https:\\\/\\\/www.eternumevents.com\\\/#website\",\"url\":\"https:\\\/\\\/www.eternumevents.com\\\/\",\"name\":\"Eternum Events\",\"description\":\"Creem per emocionar\",\"publisher\":{\"@id\":\"https:\\\/\\\/www.eternumevents.com\\\/#organization\"},\"potentialAction\":[{\"@type\":\"SearchAction\",\"target\":{\"@type\":\"EntryPoint\",\"urlTemplate\":\"https:\\\/\\\/www.eternumevents.com\\\/?s={search_term_string}\"},\"query-input\":{\"@type\":\"PropertyValueSpecification\",\"valueRequired\":true,\"valueName\":\"search_term_string\"}}],\"inLanguage\":\"es\"},{\"@type\":\"Organization\",\"@id\":\"https:\\\/\\\/www.eternumevents.com\\\/#organization\",\"name\":\"Eternum Events\",\"url\":\"https:\\\/\\\/www.eternumevents.com\\\/\",\"logo\":{\"@type\":\"ImageObject\",\"inLanguage\":\"es\",\"@id\":\"https:\\\/\\\/www.eternumevents.com\\\/#\\\/schema\\\/logo\\\/image\\\/\",\"url\":\"https:\\\/\\\/www.eternumevents.com\\\/wp-content\\\/uploads\\\/2024\\\/03\\\/main-logo.svg\",\"contentUrl\":\"https:\\\/\\\/www.eternumevents.com\\\/wp-content\\\/uploads\\\/2024\\\/03\\\/main-logo.svg\",\"width\":223,\"height\":94,\"caption\":\"Eternum Events\"},\"image\":{\"@id\":\"https:\\\/\\\/www.eternumevents.com\\\/#\\\/schema\\\/logo\\\/image\\\/\"}},{\"@type\":\"Person\",\"@id\":\"https:\\\/\\\/www.eternumevents.com\\\/#\\\/schema\\\/person\\\/23a441203caa2ca60219403b1e5d61cf\",\"name\":\"Carla Eternum\",\"image\":{\"@type\":\"ImageObject\",\"inLanguage\":\"es\",\"@id\":\"https:\\\/\\\/secure.gravatar.com\\\/avatar\\\/c1ca2c46ac18b89004f3e514ad6e5237a28abe3a27ffac88d623e6e1d88225ba?s=96&d=mm&r=g\",\"url\":\"https:\\\/\\\/secure.gravatar.com\\\/avatar\\\/c1ca2c46ac18b89004f3e514ad6e5237a28abe3a27ffac88d623e6e1d88225ba?s=96&d=mm&r=g\",\"contentUrl\":\"https:\\\/\\\/secure.gravatar.com\\\/avatar\\\/c1ca2c46ac18b89004f3e514ad6e5237a28abe3a27ffac88d623e6e1d88225ba?s=96&d=mm&r=g\",\"caption\":\"Carla Eternum\"},\"url\":\"https:\\\/\\\/www.eternumevents.com\\\/es\\\/author\\\/carla-eternum\\\/\"}]}<\/script>\n<!-- \/ Yoast SEO plugin. -->","yoast_head_json":{"title":"Marca la diferencia con tu congreso - Eternum Events","robots":{"index":"index","follow":"follow","max-snippet":"max-snippet:-1","max-image-preview":"max-image-preview:large","max-video-preview":"max-video-preview:-1"},"canonical":"https:\/\/www.eternumevents.com\/es\/marca-la-diferencia-con-tu-congreso\/","og_locale":"es_ES","og_type":"article","og_title":"Marca la diferencia con tu congreso - Eternum Events","og_description":"A partir de nuestra experiencia organizando varios congresos, y muchas veces aprendiendo a base de prueba y error, creemos que hemos descubierto las claves para que tu congreso destaque entre el resto y los asistentes no lo olviden. A continuaci\u00f3n, le dejamos nuestros consejos. Celebrar el congreso en un espacio diferente al habitual puede ser [&hellip;]","og_url":"https:\/\/www.eternumevents.com\/es\/marca-la-diferencia-con-tu-congreso\/","og_site_name":"Eternum Events","article_published_time":"2023-08-31T11:24:20+00:00","article_modified_time":"2024-07-11T09:56:29+00:00","og_image":[{"width":2560,"height":1709,"url":"https:\/\/www.eternumevents.com\/wp-content\/uploads\/2023\/08\/PuertoSostenible-2022-DdelVal-221-scaled.jpg","type":"image\/jpeg"}],"author":"Carla Eternum","twitter_card":"summary_large_image","twitter_misc":{"Escrito por":"Carla Eternum","Tiempo de lectura":"4 minutos"},"schema":{"@context":"https:\/\/schema.org","@graph":[{"@type":"Article","@id":"https:\/\/www.eternumevents.com\/es\/marca-la-diferencia-con-tu-congreso\/#article","isPartOf":{"@id":"https:\/\/www.eternumevents.com\/es\/marca-la-diferencia-con-tu-congreso\/"},"author":{"name":"Carla Eternum","@id":"https:\/\/www.eternumevents.com\/#\/schema\/person\/23a441203caa2ca60219403b1e5d61cf"},"headline":"Marca la diferencia con tu congreso","datePublished":"2023-08-31T11:24:20+00:00","dateModified":"2024-07-11T09:56:29+00:00","mainEntityOfPage":{"@id":"https:\/\/www.eternumevents.com\/es\/marca-la-diferencia-con-tu-congreso\/"},"wordCount":845,"commentCount":0,"publisher":{"@id":"https:\/\/www.eternumevents.com\/#organization"},"image":{"@id":"https:\/\/www.eternumevents.com\/es\/marca-la-diferencia-con-tu-congreso\/#primaryimage"},"thumbnailUrl":"https:\/\/www.eternumevents.com\/wp-content\/uploads\/2023\/08\/PuertoSostenible-2022-DdelVal-221-scaled.jpg","articleSection":["Blog"],"inLanguage":"es","potentialAction":[{"@type":"CommentAction","name":"Comment","target":["https:\/\/www.eternumevents.com\/es\/marca-la-diferencia-con-tu-congreso\/#respond"]}]},{"@type":"WebPage","@id":"https:\/\/www.eternumevents.com\/es\/marca-la-diferencia-con-tu-congreso\/","url":"https:\/\/www.eternumevents.com\/es\/marca-la-diferencia-con-tu-congreso\/","name":"Marca la diferencia con tu congreso - Eternum Events","isPartOf":{"@id":"https:\/\/www.eternumevents.com\/#website"},"primaryImageOfPage":{"@id":"https:\/\/www.eternumevents.com\/es\/marca-la-diferencia-con-tu-congreso\/#primaryimage"},"image":{"@id":"https:\/\/www.eternumevents.com\/es\/marca-la-diferencia-con-tu-congreso\/#primaryimage"},"thumbnailUrl":"https:\/\/www.eternumevents.com\/wp-content\/uploads\/2023\/08\/PuertoSostenible-2022-DdelVal-221-scaled.jpg","datePublished":"2023-08-31T11:24:20+00:00","dateModified":"2024-07-11T09:56:29+00:00","breadcrumb":{"@id":"https:\/\/www.eternumevents.com\/es\/marca-la-diferencia-con-tu-congreso\/#breadcrumb"},"inLanguage":"es","potentialAction":[{"@type":"ReadAction","target":["https:\/\/www.eternumevents.com\/es\/marca-la-diferencia-con-tu-congreso\/"]}]},{"@type":"ImageObject","inLanguage":"es","@id":"https:\/\/www.eternumevents.com\/es\/marca-la-diferencia-con-tu-congreso\/#primaryimage","url":"https:\/\/www.eternumevents.com\/wp-content\/uploads\/2023\/08\/PuertoSostenible-2022-DdelVal-221-scaled.jpg","contentUrl":"https:\/\/www.eternumevents.com\/wp-content\/uploads\/2023\/08\/PuertoSostenible-2022-DdelVal-221-scaled.jpg","width":2560,"height":1709},{"@type":"BreadcrumbList","@id":"https:\/\/www.eternumevents.com\/es\/marca-la-diferencia-con-tu-congreso\/#breadcrumb","itemListElement":[{"@type":"ListItem","position":1,"name":"Inici","item":"https:\/\/www.eternumevents.com\/es\/"},{"@type":"ListItem","position":2,"name":"Marca la diferencia con tu congreso"}]},{"@type":"WebSite","@id":"https:\/\/www.eternumevents.com\/#website","url":"https:\/\/www.eternumevents.com\/","name":"Eternum Events","description":"Creem per emocionar","publisher":{"@id":"https:\/\/www.eternumevents.com\/#organization"},"potentialAction":[{"@type":"SearchAction","target":{"@type":"EntryPoint","urlTemplate":"https:\/\/www.eternumevents.com\/?s={search_term_string}"},"query-input":{"@type":"PropertyValueSpecification","valueRequired":true,"valueName":"search_term_string"}}],"inLanguage":"es"},{"@type":"Organization","@id":"https:\/\/www.eternumevents.com\/#organization","name":"Eternum Events","url":"https:\/\/www.eternumevents.com\/","logo":{"@type":"ImageObject","inLanguage":"es","@id":"https:\/\/www.eternumevents.com\/#\/schema\/logo\/image\/","url":"https:\/\/www.eternumevents.com\/wp-content\/uploads\/2024\/03\/main-logo.svg","contentUrl":"https:\/\/www.eternumevents.com\/wp-content\/uploads\/2024\/03\/main-logo.svg","width":223,"height":94,"caption":"Eternum Events"},"image":{"@id":"https:\/\/www.eternumevents.com\/#\/schema\/logo\/image\/"}},{"@type":"Person","@id":"https:\/\/www.eternumevents.com\/#\/schema\/person\/23a441203caa2ca60219403b1e5d61cf","name":"Carla Eternum","image":{"@type":"ImageObject","inLanguage":"es","@id":"https:\/\/secure.gravatar.com\/avatar\/c1ca2c46ac18b89004f3e514ad6e5237a28abe3a27ffac88d623e6e1d88225ba?s=96&d=mm&r=g","url":"https:\/\/secure.gravatar.com\/avatar\/c1ca2c46ac18b89004f3e514ad6e5237a28abe3a27ffac88d623e6e1d88225ba?s=96&d=mm&r=g","contentUrl":"https:\/\/secure.gravatar.com\/avatar\/c1ca2c46ac18b89004f3e514ad6e5237a28abe3a27ffac88d623e6e1d88225ba?s=96&d=mm&r=g","caption":"Carla Eternum"},"url":"https:\/\/www.eternumevents.com\/es\/author\/carla-eternum\/"}]}},"_links":{"self":[{"href":"https:\/\/www.eternumevents.com\/es\/wp-json\/wp\/v2\/posts\/5908","targetHints":{"allow":["GET"]}}],"collection":[{"href":"https:\/\/www.eternumevents.com\/es\/wp-json\/wp\/v2\/posts"}],"about":[{"href":"https:\/\/www.eternumevents.com\/es\/wp-json\/wp\/v2\/types\/post"}],"author":[{"embeddable":true,"href":"https:\/\/www.eternumevents.com\/es\/wp-json\/wp\/v2\/users\/3"}],"replies":[{"embeddable":true,"href":"https:\/\/www.eternumevents.com\/es\/wp-json\/wp\/v2\/comments?post=5908"}],"version-history":[{"count":1,"href":"https:\/\/www.eternumevents.com\/es\/wp-json\/wp\/v2\/posts\/5908\/revisions"}],"predecessor-version":[{"id":5910,"href":"https:\/\/www.eternumevents.com\/es\/wp-json\/wp\/v2\/posts\/5908\/revisions\/5910"}],"wp:featuredmedia":[{"embeddable":true,"href":"https:\/\/www.eternumevents.com\/es\/wp-json\/wp\/v2\/media\/5368"}],"wp:attachment":[{"href":"https:\/\/www.eternumevents.com\/es\/wp-json\/wp\/v2\/media?parent=5908"}],"wp:term":[{"taxonomy":"category","embeddable":true,"href":"https:\/\/www.eternumevents.com\/es\/wp-json\/wp\/v2\/categories?post=5908"},{"taxonomy":"post_tag","embeddable":true,"href":"https:\/\/www.eternumevents.com\/es\/wp-json\/wp\/v2\/tags?post=5908"}],"curies":[{"name":"wp","href":"https:\/\/api.w.org\/{rel}","templated":true}]}}