{"id":6308,"date":"2024-07-09T12:20:16","date_gmt":"2024-07-09T10:20:16","guid":{"rendered":"https:\/\/www.eternumevents.com\/semic-day-lleida-2024\/"},"modified":"2025-02-05T11:25:24","modified_gmt":"2025-02-05T09:25:24","slug":"semic-day-lleida-2024","status":"publish","type":"post","link":"https:\/\/www.eternumevents.com\/es\/semic-day-lleida-2024\/","title":{"rendered":"Fiesta de trabajadores de SEMIC, Lleida 2024"},"content":{"rendered":"\n<p>En la empresa Semic quedaron tan contentos el a\u00f1o pasado que, una vez m\u00e1s, quisieron organizar el SEMIC DAY, un acto para los trabajadores de todas<br\/> Este a\u00f1o incorporamos un d\u00eda al evento y se celebr\u00f3 la jornada \u201cKick-Off\u201d el viernes, donde pudimos disfrutar de peque\u00f1as conferencias de diferentes trabajadores y finalizar con un almuerzo networking y la charla Dejando Huella del Sergi Grimau. El s\u00e1bado trasladamos a todo el equipo de Semic a las Bodegas Raimat, donde disfrutamos de una comida a cargo de Diem Catering.<\/p>\n\n<p>Desde Eternum Events hemos gestionado todos los traslados de las diferentes sedes, todos los proveedores, el control de las inscripciones en el evento y la coordinaci\u00f3n completa el d\u00eda del acto.<\/p>\n\n<figure class=\"wp-block-gallery has-nested-images columns-default is-cropped wp-block-gallery-1 is-layout-flex wp-block-gallery-is-layout-flex\">\n<figure class=\"wp-block-image size-large\"><img fetchpriority=\"high\" decoding=\"async\" width=\"1024\" height=\"681\" data-id=\"6285\" src=\"https:\/\/www.eternumevents.com\/wp-content\/uploads\/2024\/07\/Semic-2024-@DaviddelVal-logo-005-1024x681.jpg\" alt=\"\" class=\"wp-image-6285\" srcset=\"https:\/\/www.eternumevents.com\/wp-content\/uploads\/2024\/07\/Semic-2024-@DaviddelVal-logo-005-1024x681.jpg 1024w, https:\/\/www.eternumevents.com\/wp-content\/uploads\/2024\/07\/Semic-2024-@DaviddelVal-logo-005-300x200.jpg 300w, https:\/\/www.eternumevents.com\/wp-content\/uploads\/2024\/07\/Semic-2024-@DaviddelVal-logo-005-768x511.jpg 768w, https:\/\/www.eternumevents.com\/wp-content\/uploads\/2024\/07\/Semic-2024-@DaviddelVal-logo-005-1536x1021.jpg 1536w, https:\/\/www.eternumevents.com\/wp-content\/uploads\/2024\/07\/Semic-2024-@DaviddelVal-logo-005.jpg 1600w\" sizes=\"(max-width: 1024px) 100vw, 1024px\" \/><\/figure>\n\n\n\n<figure class=\"wp-block-image size-large\"><img decoding=\"async\" width=\"1024\" height=\"681\" data-id=\"6283\" src=\"https:\/\/www.eternumevents.com\/wp-content\/uploads\/2024\/07\/Semic-2024-@DaviddelVal-logo-036-1024x681.jpg\" alt=\"\" class=\"wp-image-6283\" srcset=\"https:\/\/www.eternumevents.com\/wp-content\/uploads\/2024\/07\/Semic-2024-@DaviddelVal-logo-036-1024x681.jpg 1024w, https:\/\/www.eternumevents.com\/wp-content\/uploads\/2024\/07\/Semic-2024-@DaviddelVal-logo-036-300x200.jpg 300w, https:\/\/www.eternumevents.com\/wp-content\/uploads\/2024\/07\/Semic-2024-@DaviddelVal-logo-036-768x511.jpg 768w, https:\/\/www.eternumevents.com\/wp-content\/uploads\/2024\/07\/Semic-2024-@DaviddelVal-logo-036-1536x1021.jpg 1536w, https:\/\/www.eternumevents.com\/wp-content\/uploads\/2024\/07\/Semic-2024-@DaviddelVal-logo-036.jpg 1600w\" sizes=\"(max-width: 1024px) 100vw, 1024px\" \/><\/figure>\n\n\n\n<figure class=\"wp-block-image size-large\"><img decoding=\"async\" width=\"1024\" height=\"684\" data-id=\"6291\" src=\"https:\/\/www.eternumevents.com\/wp-content\/uploads\/2024\/07\/Semic-2024-@DaviddelVal-logo-040-1024x684.jpg\" alt=\"\" class=\"wp-image-6291\" srcset=\"https:\/\/www.eternumevents.com\/wp-content\/uploads\/2024\/07\/Semic-2024-@DaviddelVal-logo-040-1024x684.jpg 1024w, https:\/\/www.eternumevents.com\/wp-content\/uploads\/2024\/07\/Semic-2024-@DaviddelVal-logo-040-300x200.jpg 300w, https:\/\/www.eternumevents.com\/wp-content\/uploads\/2024\/07\/Semic-2024-@DaviddelVal-logo-040-768x513.jpg 768w, https:\/\/www.eternumevents.com\/wp-content\/uploads\/2024\/07\/Semic-2024-@DaviddelVal-logo-040-1536x1025.jpg 1536w, https:\/\/www.eternumevents.com\/wp-content\/uploads\/2024\/07\/Semic-2024-@DaviddelVal-logo-040.jpg 1600w\" sizes=\"(max-width: 1024px) 100vw, 1024px\" \/><\/figure>\n\n\n\n<figure class=\"wp-block-image size-large\"><img loading=\"lazy\" decoding=\"async\" width=\"1024\" height=\"681\" data-id=\"6284\" src=\"https:\/\/www.eternumevents.com\/wp-content\/uploads\/2024\/07\/Semic-2024-@DaviddelVal-logo-055-1024x681.jpg\" alt=\"\" class=\"wp-image-6284\" srcset=\"https:\/\/www.eternumevents.com\/wp-content\/uploads\/2024\/07\/Semic-2024-@DaviddelVal-logo-055-1024x681.jpg 1024w, https:\/\/www.eternumevents.com\/wp-content\/uploads\/2024\/07\/Semic-2024-@DaviddelVal-logo-055-300x200.jpg 300w, https:\/\/www.eternumevents.com\/wp-content\/uploads\/2024\/07\/Semic-2024-@DaviddelVal-logo-055-768x511.jpg 768w, https:\/\/www.eternumevents.com\/wp-content\/uploads\/2024\/07\/Semic-2024-@DaviddelVal-logo-055-1536x1021.jpg 1536w, https:\/\/www.eternumevents.com\/wp-content\/uploads\/2024\/07\/Semic-2024-@DaviddelVal-logo-055.jpg 1600w\" sizes=\"(max-width: 1024px) 100vw, 1024px\" \/><\/figure>\n\n\n\n<figure class=\"wp-block-image size-large\"><img loading=\"lazy\" decoding=\"async\" width=\"684\" height=\"1024\" data-id=\"6289\" src=\"https:\/\/www.eternumevents.com\/wp-content\/uploads\/2024\/07\/Semic-2024-@DaviddelVal-logo-057-684x1024.jpg\" alt=\"\" class=\"wp-image-6289\" srcset=\"https:\/\/www.eternumevents.com\/wp-content\/uploads\/2024\/07\/Semic-2024-@DaviddelVal-logo-057-684x1024.jpg 684w, https:\/\/www.eternumevents.com\/wp-content\/uploads\/2024\/07\/Semic-2024-@DaviddelVal-logo-057-200x300.jpg 200w, https:\/\/www.eternumevents.com\/wp-content\/uploads\/2024\/07\/Semic-2024-@DaviddelVal-logo-057-768x1151.jpg 768w, https:\/\/www.eternumevents.com\/wp-content\/uploads\/2024\/07\/Semic-2024-@DaviddelVal-logo-057-1025x1536.jpg 1025w, https:\/\/www.eternumevents.com\/wp-content\/uploads\/2024\/07\/Semic-2024-@DaviddelVal-logo-057.jpg 1068w\" sizes=\"(max-width: 684px) 100vw, 684px\" \/><\/figure>\n\n\n\n<figure class=\"wp-block-image size-large\"><img loading=\"lazy\" decoding=\"async\" width=\"1024\" height=\"681\" data-id=\"6295\" src=\"https:\/\/www.eternumevents.com\/wp-content\/uploads\/2024\/07\/Semic-2024-@DaviddelVal-logo-105-1024x681.jpg\" alt=\"\" class=\"wp-image-6295\" srcset=\"https:\/\/www.eternumevents.com\/wp-content\/uploads\/2024\/07\/Semic-2024-@DaviddelVal-logo-105-1024x681.jpg 1024w, https:\/\/www.eternumevents.com\/wp-content\/uploads\/2024\/07\/Semic-2024-@DaviddelVal-logo-105-300x200.jpg 300w, https:\/\/www.eternumevents.com\/wp-content\/uploads\/2024\/07\/Semic-2024-@DaviddelVal-logo-105-768x511.jpg 768w, https:\/\/www.eternumevents.com\/wp-content\/uploads\/2024\/07\/Semic-2024-@DaviddelVal-logo-105-1536x1021.jpg 1536w, https:\/\/www.eternumevents.com\/wp-content\/uploads\/2024\/07\/Semic-2024-@DaviddelVal-logo-105.jpg 1600w\" sizes=\"(max-width: 1024px) 100vw, 1024px\" \/><\/figure>\n\n\n\n<figure class=\"wp-block-image size-large\"><img loading=\"lazy\" decoding=\"async\" width=\"1024\" height=\"681\" data-id=\"6293\" src=\"https:\/\/www.eternumevents.com\/wp-content\/uploads\/2024\/07\/Semic-2024-@DaviddelVal-logo-130-1024x681.jpg\" alt=\"\" class=\"wp-image-6293\" srcset=\"https:\/\/www.eternumevents.com\/wp-content\/uploads\/2024\/07\/Semic-2024-@DaviddelVal-logo-130-1024x681.jpg 1024w, https:\/\/www.eternumevents.com\/wp-content\/uploads\/2024\/07\/Semic-2024-@DaviddelVal-logo-130-300x200.jpg 300w, https:\/\/www.eternumevents.com\/wp-content\/uploads\/2024\/07\/Semic-2024-@DaviddelVal-logo-130-768x511.jpg 768w, https:\/\/www.eternumevents.com\/wp-content\/uploads\/2024\/07\/Semic-2024-@DaviddelVal-logo-130-1536x1021.jpg 1536w, https:\/\/www.eternumevents.com\/wp-content\/uploads\/2024\/07\/Semic-2024-@DaviddelVal-logo-130.jpg 1600w\" sizes=\"(max-width: 1024px) 100vw, 1024px\" \/><\/figure>\n\n\n\n<figure class=\"wp-block-image size-large\"><img loading=\"lazy\" decoding=\"async\" width=\"1024\" height=\"681\" data-id=\"6299\" src=\"https:\/\/www.eternumevents.com\/wp-content\/uploads\/2024\/07\/Semic-2024-@DaviddelVal-logo-154-1024x681.jpg\" alt=\"\" class=\"wp-image-6299\" srcset=\"https:\/\/www.eternumevents.com\/wp-content\/uploads\/2024\/07\/Semic-2024-@DaviddelVal-logo-154-1024x681.jpg 1024w, https:\/\/www.eternumevents.com\/wp-content\/uploads\/2024\/07\/Semic-2024-@DaviddelVal-logo-154-300x200.jpg 300w, https:\/\/www.eternumevents.com\/wp-content\/uploads\/2024\/07\/Semic-2024-@DaviddelVal-logo-154-768x511.jpg 768w, https:\/\/www.eternumevents.com\/wp-content\/uploads\/2024\/07\/Semic-2024-@DaviddelVal-logo-154-1536x1021.jpg 1536w, https:\/\/www.eternumevents.com\/wp-content\/uploads\/2024\/07\/Semic-2024-@DaviddelVal-logo-154.jpg 1600w\" sizes=\"(max-width: 1024px) 100vw, 1024px\" \/><\/figure>\n\n\n\n<figure class=\"wp-block-image size-large\"><img loading=\"lazy\" decoding=\"async\" width=\"1024\" height=\"684\" data-id=\"6301\" src=\"https:\/\/www.eternumevents.com\/wp-content\/uploads\/2024\/07\/Semic-2024-@DaviddelVal-logo-187-copia-1024x684.jpg\" alt=\"\" class=\"wp-image-6301\" srcset=\"https:\/\/www.eternumevents.com\/wp-content\/uploads\/2024\/07\/Semic-2024-@DaviddelVal-logo-187-copia-1024x684.jpg 1024w, https:\/\/www.eternumevents.com\/wp-content\/uploads\/2024\/07\/Semic-2024-@DaviddelVal-logo-187-copia-300x200.jpg 300w, https:\/\/www.eternumevents.com\/wp-content\/uploads\/2024\/07\/Semic-2024-@DaviddelVal-logo-187-copia-768x513.jpg 768w, https:\/\/www.eternumevents.com\/wp-content\/uploads\/2024\/07\/Semic-2024-@DaviddelVal-logo-187-copia-1536x1025.jpg 1536w, https:\/\/www.eternumevents.com\/wp-content\/uploads\/2024\/07\/Semic-2024-@DaviddelVal-logo-187-copia.jpg 1600w\" sizes=\"(max-width: 1024px) 100vw, 1024px\" \/><\/figure>\n\n\n\n<figure class=\"wp-block-image size-large\"><img loading=\"lazy\" decoding=\"async\" width=\"1024\" height=\"681\" data-id=\"6303\" src=\"https:\/\/www.eternumevents.com\/wp-content\/uploads\/2024\/07\/Semic-2024-@DaviddelVal-logo-206-1024x681.jpg\" alt=\"\" class=\"wp-image-6303\" srcset=\"https:\/\/www.eternumevents.com\/wp-content\/uploads\/2024\/07\/Semic-2024-@DaviddelVal-logo-206-1024x681.jpg 1024w, https:\/\/www.eternumevents.com\/wp-content\/uploads\/2024\/07\/Semic-2024-@DaviddelVal-logo-206-300x200.jpg 300w, https:\/\/www.eternumevents.com\/wp-content\/uploads\/2024\/07\/Semic-2024-@DaviddelVal-logo-206-768x511.jpg 768w, https:\/\/www.eternumevents.com\/wp-content\/uploads\/2024\/07\/Semic-2024-@DaviddelVal-logo-206-1536x1021.jpg 1536w, https:\/\/www.eternumevents.com\/wp-content\/uploads\/2024\/07\/Semic-2024-@DaviddelVal-logo-206.jpg 1600w\" sizes=\"(max-width: 1024px) 100vw, 1024px\" \/><\/figure>\n\n\n\n<figure class=\"wp-block-image size-large\"><img loading=\"lazy\" decoding=\"async\" width=\"1024\" height=\"767\" data-id=\"6297\" src=\"https:\/\/www.eternumevents.com\/wp-content\/uploads\/2024\/07\/Semic-2024-@DaviddelVal-logo-236-copia-1024x767.jpg\" alt=\"\" class=\"wp-image-6297\" srcset=\"https:\/\/www.eternumevents.com\/wp-content\/uploads\/2024\/07\/Semic-2024-@DaviddelVal-logo-236-copia-1024x767.jpg 1024w, https:\/\/www.eternumevents.com\/wp-content\/uploads\/2024\/07\/Semic-2024-@DaviddelVal-logo-236-copia-300x225.jpg 300w, https:\/\/www.eternumevents.com\/wp-content\/uploads\/2024\/07\/Semic-2024-@DaviddelVal-logo-236-copia-768x575.jpg 768w, https:\/\/www.eternumevents.com\/wp-content\/uploads\/2024\/07\/Semic-2024-@DaviddelVal-logo-236-copia-1536x1150.jpg 1536w, https:\/\/www.eternumevents.com\/wp-content\/uploads\/2024\/07\/Semic-2024-@DaviddelVal-logo-236-copia.jpg 1600w\" sizes=\"(max-width: 1024px) 100vw, 1024px\" \/><\/figure>\n<\/figure>\n","protected":false},"excerpt":{"rendered":"<p>En la empresa Semic quedaron tan contentos el a\u00f1o pasado que, una vez m\u00e1s, quisieron organizar el SEMIC DAY, un acto para los trabajadores de todas Este a\u00f1o incorporamos un d\u00eda al evento y se celebr\u00f3 la jornada \u201cKick-Off\u201d el viernes, donde pudimos disfrutar de peque\u00f1as conferencias de diferentes trabajadores y finalizar con un almuerzo [&hellip;]<\/p>\n","protected":false},"author":3,"featured_media":6294,"comment_status":"open","ping_status":"closed","sticky":false,"template":"","format":"standard","meta":{"_acf_changed":false,"inline_featured_image":false,"footnotes":""},"categories":[60,55],"tags":[],"class_list":["post-6308","post","type-post","status-publish","format-standard","has-post-thumbnail","hentry","category-empresariales-y-brand-events","category-portfolio"],"acf":[],"yoast_head":"<!-- This site is optimized with the Yoast SEO plugin v27.4 - https:\/\/yoast.com\/product\/yoast-seo-wordpress\/ -->\n<title>Fiesta de trabajadores de SEMIC, Lleida 2024 - Eternum Events<\/title>\n<meta name=\"robots\" content=\"index, follow, max-snippet:-1, max-image-preview:large, max-video-preview:-1\" \/>\n<link rel=\"canonical\" href=\"https:\/\/www.eternumevents.com\/es\/semic-day-lleida-2024\/\" \/>\n<meta property=\"og:locale\" content=\"es_ES\" \/>\n<meta property=\"og:type\" content=\"article\" \/>\n<meta property=\"og:title\" content=\"Fiesta de trabajadores de SEMIC, Lleida 2024 - Eternum Events\" \/>\n<meta property=\"og:description\" content=\"En la empresa Semic quedaron tan contentos el a\u00f1o pasado que, una vez m\u00e1s, quisieron organizar el SEMIC DAY, un acto para los trabajadores de todas Este a\u00f1o incorporamos un d\u00eda al evento y se celebr\u00f3 la jornada \u201cKick-Off\u201d el viernes, donde pudimos disfrutar de peque\u00f1as conferencias de diferentes trabajadores y finalizar con un almuerzo [&hellip;]\" \/>\n<meta property=\"og:url\" content=\"https:\/\/www.eternumevents.com\/es\/semic-day-lleida-2024\/\" \/>\n<meta property=\"og:site_name\" content=\"Eternum Events\" \/>\n<meta property=\"article:published_time\" content=\"2024-07-09T10:20:16+00:00\" \/>\n<meta property=\"article:modified_time\" content=\"2025-02-05T09:25:24+00:00\" \/>\n<meta property=\"og:image\" content=\"https:\/\/www.eternumevents.com\/wp-content\/uploads\/2024\/07\/Semic-2024-@DaviddelVal-logo-130.jpg\" \/>\n\t<meta property=\"og:image:width\" content=\"1600\" \/>\n\t<meta property=\"og:image:height\" content=\"1064\" \/>\n\t<meta property=\"og:image:type\" content=\"image\/jpeg\" \/>\n<meta name=\"author\" content=\"Carla Eternum\" \/>\n<meta name=\"twitter:card\" content=\"summary_large_image\" \/>\n<meta name=\"twitter:label1\" content=\"Escrito por\" \/>\n\t<meta name=\"twitter:data1\" content=\"Carla Eternum\" \/>\n\t<meta name=\"twitter:label2\" content=\"Tiempo de lectura\" \/>\n\t<meta name=\"twitter:data2\" content=\"1 minuto\" \/>\n<script type=\"application\/ld+json\" class=\"yoast-schema-graph\">{\"@context\":\"https:\\\/\\\/schema.org\",\"@graph\":[{\"@type\":\"Article\",\"@id\":\"https:\\\/\\\/www.eternumevents.com\\\/es\\\/semic-day-lleida-2024\\\/#article\",\"isPartOf\":{\"@id\":\"https:\\\/\\\/www.eternumevents.com\\\/es\\\/semic-day-lleida-2024\\\/\"},\"author\":{\"name\":\"Carla Eternum\",\"@id\":\"https:\\\/\\\/www.eternumevents.com\\\/#\\\/schema\\\/person\\\/23a441203caa2ca60219403b1e5d61cf\"},\"headline\":\"Fiesta de trabajadores de SEMIC, Lleida 2024\",\"datePublished\":\"2024-07-09T10:20:16+00:00\",\"dateModified\":\"2025-02-05T09:25:24+00:00\",\"mainEntityOfPage\":{\"@id\":\"https:\\\/\\\/www.eternumevents.com\\\/es\\\/semic-day-lleida-2024\\\/\"},\"wordCount\":132,\"commentCount\":0,\"publisher\":{\"@id\":\"https:\\\/\\\/www.eternumevents.com\\\/#organization\"},\"image\":{\"@id\":\"https:\\\/\\\/www.eternumevents.com\\\/es\\\/semic-day-lleida-2024\\\/#primaryimage\"},\"thumbnailUrl\":\"https:\\\/\\\/www.eternumevents.com\\\/wp-content\\\/uploads\\\/2024\\\/07\\\/Semic-2024-@DaviddelVal-logo-130.jpg\",\"articleSection\":[\"Empresariales y Brand Events\",\"Portfolio\"],\"inLanguage\":\"es\",\"potentialAction\":[{\"@type\":\"CommentAction\",\"name\":\"Comment\",\"target\":[\"https:\\\/\\\/www.eternumevents.com\\\/es\\\/semic-day-lleida-2024\\\/#respond\"]}]},{\"@type\":\"WebPage\",\"@id\":\"https:\\\/\\\/www.eternumevents.com\\\/es\\\/semic-day-lleida-2024\\\/\",\"url\":\"https:\\\/\\\/www.eternumevents.com\\\/es\\\/semic-day-lleida-2024\\\/\",\"name\":\"Fiesta de trabajadores de SEMIC, Lleida 2024 - Eternum Events\",\"isPartOf\":{\"@id\":\"https:\\\/\\\/www.eternumevents.com\\\/#website\"},\"primaryImageOfPage\":{\"@id\":\"https:\\\/\\\/www.eternumevents.com\\\/es\\\/semic-day-lleida-2024\\\/#primaryimage\"},\"image\":{\"@id\":\"https:\\\/\\\/www.eternumevents.com\\\/es\\\/semic-day-lleida-2024\\\/#primaryimage\"},\"thumbnailUrl\":\"https:\\\/\\\/www.eternumevents.com\\\/wp-content\\\/uploads\\\/2024\\\/07\\\/Semic-2024-@DaviddelVal-logo-130.jpg\",\"datePublished\":\"2024-07-09T10:20:16+00:00\",\"dateModified\":\"2025-02-05T09:25:24+00:00\",\"breadcrumb\":{\"@id\":\"https:\\\/\\\/www.eternumevents.com\\\/es\\\/semic-day-lleida-2024\\\/#breadcrumb\"},\"inLanguage\":\"es\",\"potentialAction\":[{\"@type\":\"ReadAction\",\"target\":[\"https:\\\/\\\/www.eternumevents.com\\\/es\\\/semic-day-lleida-2024\\\/\"]}]},{\"@type\":\"ImageObject\",\"inLanguage\":\"es\",\"@id\":\"https:\\\/\\\/www.eternumevents.com\\\/es\\\/semic-day-lleida-2024\\\/#primaryimage\",\"url\":\"https:\\\/\\\/www.eternumevents.com\\\/wp-content\\\/uploads\\\/2024\\\/07\\\/Semic-2024-@DaviddelVal-logo-130.jpg\",\"contentUrl\":\"https:\\\/\\\/www.eternumevents.com\\\/wp-content\\\/uploads\\\/2024\\\/07\\\/Semic-2024-@DaviddelVal-logo-130.jpg\",\"width\":1600,\"height\":1064},{\"@type\":\"BreadcrumbList\",\"@id\":\"https:\\\/\\\/www.eternumevents.com\\\/es\\\/semic-day-lleida-2024\\\/#breadcrumb\",\"itemListElement\":[{\"@type\":\"ListItem\",\"position\":1,\"name\":\"Inici\",\"item\":\"https:\\\/\\\/www.eternumevents.com\\\/es\\\/\"},{\"@type\":\"ListItem\",\"position\":2,\"name\":\"Fiesta de trabajadores de SEMIC, Lleida 2024\"}]},{\"@type\":\"WebSite\",\"@id\":\"https:\\\/\\\/www.eternumevents.com\\\/#website\",\"url\":\"https:\\\/\\\/www.eternumevents.com\\\/\",\"name\":\"Eternum Events\",\"description\":\"Creem per emocionar\",\"publisher\":{\"@id\":\"https:\\\/\\\/www.eternumevents.com\\\/#organization\"},\"potentialAction\":[{\"@type\":\"SearchAction\",\"target\":{\"@type\":\"EntryPoint\",\"urlTemplate\":\"https:\\\/\\\/www.eternumevents.com\\\/?s={search_term_string}\"},\"query-input\":{\"@type\":\"PropertyValueSpecification\",\"valueRequired\":true,\"valueName\":\"search_term_string\"}}],\"inLanguage\":\"es\"},{\"@type\":\"Organization\",\"@id\":\"https:\\\/\\\/www.eternumevents.com\\\/#organization\",\"name\":\"Eternum Events\",\"url\":\"https:\\\/\\\/www.eternumevents.com\\\/\",\"logo\":{\"@type\":\"ImageObject\",\"inLanguage\":\"es\",\"@id\":\"https:\\\/\\\/www.eternumevents.com\\\/#\\\/schema\\\/logo\\\/image\\\/\",\"url\":\"https:\\\/\\\/www.eternumevents.com\\\/wp-content\\\/uploads\\\/2024\\\/03\\\/main-logo.svg\",\"contentUrl\":\"https:\\\/\\\/www.eternumevents.com\\\/wp-content\\\/uploads\\\/2024\\\/03\\\/main-logo.svg\",\"width\":223,\"height\":94,\"caption\":\"Eternum Events\"},\"image\":{\"@id\":\"https:\\\/\\\/www.eternumevents.com\\\/#\\\/schema\\\/logo\\\/image\\\/\"}},{\"@type\":\"Person\",\"@id\":\"https:\\\/\\\/www.eternumevents.com\\\/#\\\/schema\\\/person\\\/23a441203caa2ca60219403b1e5d61cf\",\"name\":\"Carla Eternum\",\"image\":{\"@type\":\"ImageObject\",\"inLanguage\":\"es\",\"@id\":\"https:\\\/\\\/secure.gravatar.com\\\/avatar\\\/c1ca2c46ac18b89004f3e514ad6e5237a28abe3a27ffac88d623e6e1d88225ba?s=96&d=mm&r=g\",\"url\":\"https:\\\/\\\/secure.gravatar.com\\\/avatar\\\/c1ca2c46ac18b89004f3e514ad6e5237a28abe3a27ffac88d623e6e1d88225ba?s=96&d=mm&r=g\",\"contentUrl\":\"https:\\\/\\\/secure.gravatar.com\\\/avatar\\\/c1ca2c46ac18b89004f3e514ad6e5237a28abe3a27ffac88d623e6e1d88225ba?s=96&d=mm&r=g\",\"caption\":\"Carla Eternum\"},\"url\":\"https:\\\/\\\/www.eternumevents.com\\\/es\\\/author\\\/carla-eternum\\\/\"}]}<\/script>\n<!-- \/ Yoast SEO plugin. -->","yoast_head_json":{"title":"Fiesta de trabajadores de SEMIC, Lleida 2024 - Eternum Events","robots":{"index":"index","follow":"follow","max-snippet":"max-snippet:-1","max-image-preview":"max-image-preview:large","max-video-preview":"max-video-preview:-1"},"canonical":"https:\/\/www.eternumevents.com\/es\/semic-day-lleida-2024\/","og_locale":"es_ES","og_type":"article","og_title":"Fiesta de trabajadores de SEMIC, Lleida 2024 - Eternum Events","og_description":"En la empresa Semic quedaron tan contentos el a\u00f1o pasado que, una vez m\u00e1s, quisieron organizar el SEMIC DAY, un acto para los trabajadores de todas Este a\u00f1o incorporamos un d\u00eda al evento y se celebr\u00f3 la jornada \u201cKick-Off\u201d el viernes, donde pudimos disfrutar de peque\u00f1as conferencias de diferentes trabajadores y finalizar con un almuerzo [&hellip;]","og_url":"https:\/\/www.eternumevents.com\/es\/semic-day-lleida-2024\/","og_site_name":"Eternum Events","article_published_time":"2024-07-09T10:20:16+00:00","article_modified_time":"2025-02-05T09:25:24+00:00","og_image":[{"width":1600,"height":1064,"url":"https:\/\/www.eternumevents.com\/wp-content\/uploads\/2024\/07\/Semic-2024-@DaviddelVal-logo-130.jpg","type":"image\/jpeg"}],"author":"Carla Eternum","twitter_card":"summary_large_image","twitter_misc":{"Escrito por":"Carla Eternum","Tiempo de lectura":"1 minuto"},"schema":{"@context":"https:\/\/schema.org","@graph":[{"@type":"Article","@id":"https:\/\/www.eternumevents.com\/es\/semic-day-lleida-2024\/#article","isPartOf":{"@id":"https:\/\/www.eternumevents.com\/es\/semic-day-lleida-2024\/"},"author":{"name":"Carla Eternum","@id":"https:\/\/www.eternumevents.com\/#\/schema\/person\/23a441203caa2ca60219403b1e5d61cf"},"headline":"Fiesta de trabajadores de SEMIC, Lleida 2024","datePublished":"2024-07-09T10:20:16+00:00","dateModified":"2025-02-05T09:25:24+00:00","mainEntityOfPage":{"@id":"https:\/\/www.eternumevents.com\/es\/semic-day-lleida-2024\/"},"wordCount":132,"commentCount":0,"publisher":{"@id":"https:\/\/www.eternumevents.com\/#organization"},"image":{"@id":"https:\/\/www.eternumevents.com\/es\/semic-day-lleida-2024\/#primaryimage"},"thumbnailUrl":"https:\/\/www.eternumevents.com\/wp-content\/uploads\/2024\/07\/Semic-2024-@DaviddelVal-logo-130.jpg","articleSection":["Empresariales y Brand Events","Portfolio"],"inLanguage":"es","potentialAction":[{"@type":"CommentAction","name":"Comment","target":["https:\/\/www.eternumevents.com\/es\/semic-day-lleida-2024\/#respond"]}]},{"@type":"WebPage","@id":"https:\/\/www.eternumevents.com\/es\/semic-day-lleida-2024\/","url":"https:\/\/www.eternumevents.com\/es\/semic-day-lleida-2024\/","name":"Fiesta de trabajadores de SEMIC, Lleida 2024 - Eternum Events","isPartOf":{"@id":"https:\/\/www.eternumevents.com\/#website"},"primaryImageOfPage":{"@id":"https:\/\/www.eternumevents.com\/es\/semic-day-lleida-2024\/#primaryimage"},"image":{"@id":"https:\/\/www.eternumevents.com\/es\/semic-day-lleida-2024\/#primaryimage"},"thumbnailUrl":"https:\/\/www.eternumevents.com\/wp-content\/uploads\/2024\/07\/Semic-2024-@DaviddelVal-logo-130.jpg","datePublished":"2024-07-09T10:20:16+00:00","dateModified":"2025-02-05T09:25:24+00:00","breadcrumb":{"@id":"https:\/\/www.eternumevents.com\/es\/semic-day-lleida-2024\/#breadcrumb"},"inLanguage":"es","potentialAction":[{"@type":"ReadAction","target":["https:\/\/www.eternumevents.com\/es\/semic-day-lleida-2024\/"]}]},{"@type":"ImageObject","inLanguage":"es","@id":"https:\/\/www.eternumevents.com\/es\/semic-day-lleida-2024\/#primaryimage","url":"https:\/\/www.eternumevents.com\/wp-content\/uploads\/2024\/07\/Semic-2024-@DaviddelVal-logo-130.jpg","contentUrl":"https:\/\/www.eternumevents.com\/wp-content\/uploads\/2024\/07\/Semic-2024-@DaviddelVal-logo-130.jpg","width":1600,"height":1064},{"@type":"BreadcrumbList","@id":"https:\/\/www.eternumevents.com\/es\/semic-day-lleida-2024\/#breadcrumb","itemListElement":[{"@type":"ListItem","position":1,"name":"Inici","item":"https:\/\/www.eternumevents.com\/es\/"},{"@type":"ListItem","position":2,"name":"Fiesta de trabajadores de SEMIC, Lleida 2024"}]},{"@type":"WebSite","@id":"https:\/\/www.eternumevents.com\/#website","url":"https:\/\/www.eternumevents.com\/","name":"Eternum Events","description":"Creem per emocionar","publisher":{"@id":"https:\/\/www.eternumevents.com\/#organization"},"potentialAction":[{"@type":"SearchAction","target":{"@type":"EntryPoint","urlTemplate":"https:\/\/www.eternumevents.com\/?s={search_term_string}"},"query-input":{"@type":"PropertyValueSpecification","valueRequired":true,"valueName":"search_term_string"}}],"inLanguage":"es"},{"@type":"Organization","@id":"https:\/\/www.eternumevents.com\/#organization","name":"Eternum Events","url":"https:\/\/www.eternumevents.com\/","logo":{"@type":"ImageObject","inLanguage":"es","@id":"https:\/\/www.eternumevents.com\/#\/schema\/logo\/image\/","url":"https:\/\/www.eternumevents.com\/wp-content\/uploads\/2024\/03\/main-logo.svg","contentUrl":"https:\/\/www.eternumevents.com\/wp-content\/uploads\/2024\/03\/main-logo.svg","width":223,"height":94,"caption":"Eternum Events"},"image":{"@id":"https:\/\/www.eternumevents.com\/#\/schema\/logo\/image\/"}},{"@type":"Person","@id":"https:\/\/www.eternumevents.com\/#\/schema\/person\/23a441203caa2ca60219403b1e5d61cf","name":"Carla Eternum","image":{"@type":"ImageObject","inLanguage":"es","@id":"https:\/\/secure.gravatar.com\/avatar\/c1ca2c46ac18b89004f3e514ad6e5237a28abe3a27ffac88d623e6e1d88225ba?s=96&d=mm&r=g","url":"https:\/\/secure.gravatar.com\/avatar\/c1ca2c46ac18b89004f3e514ad6e5237a28abe3a27ffac88d623e6e1d88225ba?s=96&d=mm&r=g","contentUrl":"https:\/\/secure.gravatar.com\/avatar\/c1ca2c46ac18b89004f3e514ad6e5237a28abe3a27ffac88d623e6e1d88225ba?s=96&d=mm&r=g","caption":"Carla Eternum"},"url":"https:\/\/www.eternumevents.com\/es\/author\/carla-eternum\/"}]}},"_links":{"self":[{"href":"https:\/\/www.eternumevents.com\/es\/wp-json\/wp\/v2\/posts\/6308","targetHints":{"allow":["GET"]}}],"collection":[{"href":"https:\/\/www.eternumevents.com\/es\/wp-json\/wp\/v2\/posts"}],"about":[{"href":"https:\/\/www.eternumevents.com\/es\/wp-json\/wp\/v2\/types\/post"}],"author":[{"embeddable":true,"href":"https:\/\/www.eternumevents.com\/es\/wp-json\/wp\/v2\/users\/3"}],"replies":[{"embeddable":true,"href":"https:\/\/www.eternumevents.com\/es\/wp-json\/wp\/v2\/comments?post=6308"}],"version-history":[{"count":4,"href":"https:\/\/www.eternumevents.com\/es\/wp-json\/wp\/v2\/posts\/6308\/revisions"}],"predecessor-version":[{"id":6750,"href":"https:\/\/www.eternumevents.com\/es\/wp-json\/wp\/v2\/posts\/6308\/revisions\/6750"}],"wp:featuredmedia":[{"embeddable":true,"href":"https:\/\/www.eternumevents.com\/es\/wp-json\/wp\/v2\/media\/6294"}],"wp:attachment":[{"href":"https:\/\/www.eternumevents.com\/es\/wp-json\/wp\/v2\/media?parent=6308"}],"wp:term":[{"taxonomy":"category","embeddable":true,"href":"https:\/\/www.eternumevents.com\/es\/wp-json\/wp\/v2\/categories?post=6308"},{"taxonomy":"post_tag","embeddable":true,"href":"https:\/\/www.eternumevents.com\/es\/wp-json\/wp\/v2\/tags?post=6308"}],"curies":[{"name":"wp","href":"https:\/\/api.w.org\/{rel}","templated":true}]}}